{"id":12929,"date":"2024-03-21T18:02:39","date_gmt":"2024-03-21T16:02:39","guid":{"rendered":"https:\/\/audioson.es\/?p=12929"},"modified":"2024-05-23T13:43:42","modified_gmt":"2024-05-23T11:43:42","slug":"perduda-auditiva-en-els-joves","status":"publish","type":"post","link":"https:\/\/audioson.es\/ca\/blog-audioson\/solucions-auditives\/perduda-auditiva-en-els-joves\/","title":{"rendered":"P\u00e8rdua auditiva en els\u00a0joves"},"content":{"rendered":"\n<div style=\"height:32px\" aria-hidden=\"true\" class=\"wp-block-spacer\"><\/div>\n\n\n\n<h1 class=\"wp-block-heading\">Hipoac\u00fasia: per qu\u00e8 cada vegada m\u00e9s joves la pateixen?<\/h1>\n\n\n\n<p>Pel carrer i en el transport p\u00fablic \u00e9s habitual trobar joves amb auriculars, escoltant m\u00fasica. A casa seva es passen hores escoltant m\u00fasica o \u00e0udios. Per\u00f2, <strong>qu\u00e8 passa quan tens a alg\u00fa al costat amb aquests dispositius i tu sents la seva m\u00fasica? Perill! T\u00e9 el volum massa alt!<\/strong><\/p>\n\n\n\n<p>La majoria dels joves no s\u00f3n conscients que escoltar m\u00fasica tan alta pot provocar-los p\u00e8rdua d&#8217;audici\u00f3 (hipoac\u00fasia), sobretot amb auriculars. I la hipoac\u00fasia \u00e9s irreversible per a les seves o\u00efdes. Acabaran necessitant l&#8217;\u00fas d&#8217;audi\u00f2fons per entendre correctament el que diuen al seu voltant.<\/p>\n\n\n\n<h2 class=\"wp-block-heading\">Quina incid\u00e8ncia t\u00e9 la hipoac\u00fasia entre els joves d\u2019avui dia?<\/h2>\n\n\n\n<div style=\"height:32px\" aria-hidden=\"true\" class=\"wp-block-spacer\"><\/div>\n\n\n\n<p><strong>La Societat Espanyola d&#8217;Otorrinolaringologia<\/strong> (<a href=\"http:\/\/seorl.net\" target=\"_blank\" rel=\"noreferrer noopener\">SEORL-*CCC<\/a>)&nbsp;ha advertit que <strong>una de cada deu persones ser\u00e0 sorda en 30 anys<\/strong>, si no es canvien factors de risc com l&#8217;excessiva <strong>exposici\u00f3 a sorolls intensos<\/strong>, una mala alimentaci\u00f3 <strong>i el consum excessiu de f\u00e0rmacs&nbsp;otot\u00f2xics<\/strong>.<\/p>\n\n\n\n<p>Escoltar m\u00fasica per sobre dels 60&nbsp;decibels&nbsp;recomanats \u00e9s un volum massa alt. I molts joves reconeixen en enquestes publicades que apugen el volum per sobre del recomanat.<\/p>\n\n\n\n<h2 class=\"wp-block-heading\">Com es desenvolupa la hipoac\u00fasia?<\/h2>\n\n\n\n<div style=\"height:32px\" aria-hidden=\"true\" class=\"wp-block-spacer\"><\/div>\n\n\n\n<p>La hipoac\u00fasia \u00e9s una p\u00e8rdua parcial de la capacitat auditiva que pot afectar a una o a totes dues o\u00efdes. Si la intensitat del soroll supera els 90&nbsp;decibels&nbsp;o l&#8217;exposici\u00f3 s&#8217;allarga en el temps, aquests sons arriben a la part interna de l&#8217;o\u00efda, on es troben les c\u00e8l\u00b7lules ciliades, les responsables de la captaci\u00f3 i processament del so, i les danyen.<\/p>\n\n\n\n<p>Els fets s\u00f3n clars: <strong>l&#8217;exposici\u00f3 a sorolls forts danya les c\u00e8l\u00b7lules ciliades en l&#8217;o\u00efda<\/strong>. Aix\u00f2 vol dir que si es danyen massa c\u00e8l\u00b7lules ciliades, l&#8217;o\u00efda perd la seva capacitat de transmetre el so al cervell.<\/p>\n\n\n\n<p><a href=\"https:\/\/news.osu.edu\/subtle-hearing-loss-while-young-changes-brain-function-study-finds\/\" target=\"_blank\" rel=\"noreferrer noopener\">Un estudi de la Universitat d&#8217;Ohio, als EUA<\/a>, demostra que fins i tot la p\u00e8rdua auditiva lleu en persones joves, produeix canvis cognitius en el cervell que acceleren el desenvolupament de dem\u00e8ncia en edats m\u00e9s avan\u00e7ades.<\/p>\n\n\n\n<p>Al principi, la lesi\u00f3 de l&#8217;o\u00efda interna i la p\u00e8rdua d&#8217;audici\u00f3 poden ser temporals, per\u00f2 si l&#8217;exposici\u00f3 \u00e9s repetitiva, la lesi\u00f3 de l&#8217;o\u00efda interna pot provocar una p\u00e8rdua auditiva permanent.<\/p>\n\n\n\n<h2 class=\"wp-block-heading\">Quines s\u00f3n les principals causes per patir hipoac\u00fasia i ac\u00fafens en edats primerenques?<\/h2>\n\n\n\n<div style=\"height:32px\" aria-hidden=\"true\" class=\"wp-block-spacer\"><\/div>\n\n\n\n<p>Tal com hem assenyalat anteriorment, la principal causa perqu\u00e8 cada vegada m\u00e9s joves sofreixin lesions de l&#8217;o\u00efda interna \u00e9s l&#8217;exposici\u00f3 cada vegada m\u00e9s continuada a sons amb alt volum (tel\u00e8fons intel\u00b7ligents, tauletes i ordinadors amb els quals reproduir m\u00fasica a alt volum&#8230;), altaveus de concerts, pantalles de televisi\u00f3, r\u00e0dios de cotxe o sons industrials sense utilitzar protecci\u00f3 adequada.<\/p>\n\n\n\n<p>La Comissi\u00f3 de&nbsp;Otologia&nbsp;de la&nbsp;<a href=\"http:\/\/seorl.net\" target=\"_blank\" rel=\"noreferrer noopener\">SEORL-*CCC<\/a> ha adm\u00e8s que a vegades \u00e9s \u2018\u2018dif\u00edcil conscienciar\u2018\u2018 d&#8217;aquests riscos els m\u00e9s joves, que es mouen en ambients amb alts decibels, com per exemple bars, discoteques i concerts. D&#8217;aquests, una tercera part ja sofreix p\u00e8rdua d&#8217;audici\u00f3.<\/p>\n\n\n\n<h2 class=\"wp-block-heading\">Qu\u00e8 podem fer per a afrontar la hipoac\u00fasia en edats joves?<\/h2>\n\n\n\n<div style=\"height:32px\" aria-hidden=\"true\" class=\"wp-block-spacer\"><\/div>\n\n\n\n<p>Des de la societat m\u00e8dica han insistit en la import\u00e0ncia de la prevenci\u00f3 auditiva, de &#8220;<strong>protegir-se enfront del soroll<\/strong>\u201d, per exemple, en llocs de treball amb maquin\u00e0ria sorollosa, en \u00e0rees recreatives o sales de concerts o amb l&#8217;\u00fas prolongat i a volums alts de reproductors d&#8217;\u00e0udio.<\/p>\n\n\n\n<p><strong>Una vegada s&#8217;ha desenvolupat la p\u00e8rdua auditiva, \u00e9s important actuar amb la major rapidesa per evitar que aquesta s&#8217;agreugi.<\/strong><\/p>\n\n\n\n<h2 class=\"wp-block-heading\">Com prevenir la p\u00e8rdua auditiva?<\/h2>\n\n\n\n<div style=\"height:32px\" aria-hidden=\"true\" class=\"wp-block-spacer\"><\/div>\n\n\n\n<p>Els joves s\u00f3n m\u00e9s susceptibles als h\u00e0bits auditius de risc. La majoria dels joves no s\u00f3n conscients de l&#8217;impacte acumulatiu i permanent que el soroll pot tenir en la nostra salut auditiva. \u00c9s fonamental alertar la poblaci\u00f3 de la import\u00e0ncia de tenir h\u00e0bits auditius saludables, sobretot els nens i adolescents, i detectar els <a href=\"https:\/\/audioson.es\/es\/blog-audioson\/oido\/primeros-sintomas-de-la-sordera\/\" target=\"_blank\" rel=\"noreferrer noopener\">primers signes de la p\u00e8rdua auditiva<\/a>.<\/p>\n\n\n\n<div style=\"height:32px\" aria-hidden=\"true\" class=\"wp-block-spacer\"><\/div>\n\n\n\n<figure class=\"wp-block-image size-large\"><img loading=\"lazy\" decoding=\"async\" width=\"1024\" height=\"402\" src=\"https:\/\/audioson.es\/wp-content\/uploads\/2024\/03\/Els-joves-haurien-de-limitar-el-temps-dus-i-el-volum-dels-auriculars-per-a-prevenir-perdua-auditiva-1024x402.jpg\" alt=\"\" class=\"wp-image-12933\" srcset=\"https:\/\/audioson.es\/wp-content\/uploads\/2024\/03\/Els-joves-haurien-de-limitar-el-temps-dus-i-el-volum-dels-auriculars-per-a-prevenir-perdua-auditiva-1024x402.jpg 1024w, https:\/\/audioson.es\/wp-content\/uploads\/2024\/03\/Els-joves-haurien-de-limitar-el-temps-dus-i-el-volum-dels-auriculars-per-a-prevenir-perdua-auditiva-600x236.jpg 600w, https:\/\/audioson.es\/wp-content\/uploads\/2024\/03\/Els-joves-haurien-de-limitar-el-temps-dus-i-el-volum-dels-auriculars-per-a-prevenir-perdua-auditiva-300x118.jpg 300w, https:\/\/audioson.es\/wp-content\/uploads\/2024\/03\/Els-joves-haurien-de-limitar-el-temps-dus-i-el-volum-dels-auriculars-per-a-prevenir-perdua-auditiva-768x302.jpg 768w, https:\/\/audioson.es\/wp-content\/uploads\/2024\/03\/Els-joves-haurien-de-limitar-el-temps-dus-i-el-volum-dels-auriculars-per-a-prevenir-perdua-auditiva-1536x604.jpg 1536w, https:\/\/audioson.es\/wp-content\/uploads\/2024\/03\/Els-joves-haurien-de-limitar-el-temps-dus-i-el-volum-dels-auriculars-per-a-prevenir-perdua-auditiva-764x300.jpg 764w, https:\/\/audioson.es\/wp-content\/uploads\/2024\/03\/Els-joves-haurien-de-limitar-el-temps-dus-i-el-volum-dels-auriculars-per-a-prevenir-perdua-auditiva-1200x471.jpg 1200w, https:\/\/audioson.es\/wp-content\/uploads\/2024\/03\/Els-joves-haurien-de-limitar-el-temps-dus-i-el-volum-dels-auriculars-per-a-prevenir-perdua-auditiva-270x106.jpg 270w, https:\/\/audioson.es\/wp-content\/uploads\/2024\/03\/Els-joves-haurien-de-limitar-el-temps-dus-i-el-volum-dels-auriculars-per-a-prevenir-perdua-auditiva.jpg 1919w\" sizes=\"auto, (max-width: 1024px) 100vw, 1024px\" \/><\/figure>\n\n\n\n<div style=\"height:32px\" aria-hidden=\"true\" class=\"wp-block-spacer\"><\/div>\n\n\n\n<h3 class=\"wp-block-heading\">Evitar sorolls estridents<\/h3>\n\n\n\n<p>El <strong>traumatisme ac\u00fastic agut<\/strong> es produeix quan hi ha una exposici\u00f3 a un soroll \u00fanic de molt curta durada per\u00f2 de molt alta intensitat, s\u00f3n els anomenats sorolls de tipus impulsiu (una explosi\u00f3, trets, petards\u2026). Tamb\u00e9 pot produir-se per determinats sorolls industrials o els generats en discoteques o concerts. <\/p>\n\n\n\n<p>Per part seva, el <strong>traumatisme ac\u00fastic cr\u00f2nic<\/strong>, anomenat tamb\u00e9 mal auditiu indu\u00eft pel soroll, \u00e9s la p\u00e8rdua auditiva cont\u00ednua, permanent i acumulativa, d&#8217;origen neurosensorial, que es desenvolupa de manera gradual al llarg dels anys, a conseq\u00fc\u00e8ncia de l&#8217;exposici\u00f3 a nivells perjudicials de soroll ambiental o laboral, de tipus continu o intermitent, d&#8217;intensitat relativament alta.<\/p>\n\n\n\n<h3 class=\"wp-block-heading\">Parar esment als auriculars<\/h3>\n\n\n\n<p><strong>La m\u00fasica a tot volum d&#8217;avui \u00e9s la incapacitat de dem\u00e0 de sentir les converses amb amics en restaurants o escoltar els professors a classe<\/strong>. La majoria dels tel\u00e8fons intel\u00b7ligents tenen un l\u00edmit de so que ens permet ajustar el volum autom\u00e0ticament. T&#8217;aconsellem que el volum no superi el 60% de la pot\u00e8ncia m\u00e0xima.<\/p>\n\n\n\n<p>Una f\u00f3rmula molt pr\u00e0ctica a tenir en compte \u00e9s la de 60-60: per prevenir l&#8217;aparici\u00f3 preco\u00e7 de la p\u00e8rdua auditiva els especialistes recomanen fer \u00fas d&#8217;aquesta mena d&#8217;aparells no m\u00e9s de 60 minuts al dia i no superar el 60% del seu volum. Limita el temps d&#8217;utilitzaci\u00f3 d&#8217;auriculars i fes pauses perqu\u00e8 les seves o\u00efdes puguin descansar. El mal ocasionat per l&#8217;exposici\u00f3 al soroll \u00e9s acumulatiu.<\/p>\n\n\n\n<h3 class=\"wp-block-heading\">Controlar el nivell del volum dels dispositius&nbsp;electr\u00f2nics<\/h3>\n\n\n\n<p>Per aix\u00f2, la&nbsp;SEORL-*CCC&nbsp;anima els joves a estar informats i protegir-se del soroll per all\u00e0 qual cosapoden activar les prestacions del m\u00f2bil que protegeixen i ofereixen seguretat per a la salut auditiva. I \u00e9s que avui dia els tel\u00e8fons intel\u00b7ligents incorporen una s\u00e8rie d&#8217;eines que permeten fer mesuraments ac\u00fastics a trav\u00e9s d&#8217;un micr\u00f2fon i alerten dels nivells de soroll perillosos per a la salut.<\/p>\n\n\n\n<h3 class=\"wp-block-heading\">Tractar adequadament les infeccions<\/h3>\n\n\n\n<p>Hi ha m\u00e9s situacions que afecten l&#8217;audici\u00f3 dels adolescents, des de les infeccions d&#8217;o\u00efda recurrents o cr\u00f2niques, fins als problemes gen\u00e8tics o malalties com la meningitis.<\/p>\n\n\n\n<h2 class=\"wp-block-heading\">Com detectar la p\u00e8rdua auditiva en els joves?<\/h2>\n\n\n\n<div style=\"height:32px\" aria-hidden=\"true\" class=\"wp-block-spacer\"><\/div>\n\n\n\n<p>Revisa l&#8217;audici\u00f3 peri\u00f2dicament. Fer una revisi\u00f3 auditiva \u00e9s f\u00e0cil, indolora i \u00e9s un examen fonamental per protegir la salut auditiva de la fam\u00edlia. Afegeix les revisions auditives a les teves\u00a0tasques anuals, com les consultes al dentista o a l\u2019oftalm\u00f2leg.<br><br>Si un familiar teu mira la tele amb el volum molt alt, demana moltes vegades que li repeteixis les frases o es queixa de brunzits a les o\u00efdes, contacta immediatament amb un expert en salut auditiva. <a href=\"https:\/\/audioson.es\/ca\/centres-auditius-audioson\/\" target=\"_blank\" rel=\"noreferrer noopener\">Localitza el teu centre auditiu m\u00e9s pr\u00f2xim aqu\u00ed<\/a>.<br><\/p>\n","protected":false},"excerpt":{"rendered":"<p>Hipoac\u00fasia: per qu\u00e8 cada vegada m\u00e9s joves la pateixen? Pel carrer i en el transport p\u00fablic \u00e9s habitual trobar joves amb auriculars, escoltant m\u00fasica. A casa seva es passen hores escoltant m\u00fasica o \u00e0udios. Per\u00f2, qu\u00e8 passa quan tens a alg\u00fa al costat amb aquests dispositius i tu sents la seva m\u00fasica? Perill! T\u00e9 el [&hellip;]<\/p>\n","protected":false},"author":122,"featured_media":12930,"comment_status":"closed","ping_status":"closed","sticky":false,"template":"","format":"standard","meta":{"_acf_changed":false,"footnotes":""},"categories":[155],"tags":[],"class_list":["post-12929","post","type-post","status-publish","format-standard","has-post-thumbnail","hentry","category-solucions-auditives"],"acf":[],"yoast_head":"<!-- This site is optimized with the Yoast SEO plugin v26.9 - https:\/\/yoast.com\/product\/yoast-seo-wordpress\/ -->\n<title>P\u00e8rdua auditiva en els\u00a0joves - Audioson<\/title>\n<meta name=\"description\" content=\"Cada vegada m\u00e9s joves tenen problemes auditius i aix\u00f2 pot suposar un problema a llarg termini. Com evitar aquests problemes i quines solucions auditives hi ha per als\u00a0joves.\" \/>\n<meta name=\"robots\" content=\"index, follow, max-snippet:-1, max-image-preview:large, max-video-preview:-1\" \/>\n<link rel=\"canonical\" href=\"https:\/\/audioson.es\/ca\/blog-audioson\/solucions-auditives\/perduda-auditiva-en-els-joves\/\" \/>\n<meta property=\"og:locale\" content=\"ca_ES\" \/>\n<meta property=\"og:type\" content=\"article\" \/>\n<meta property=\"og:title\" content=\"P\u00e8rdua auditiva en els\u00a0joves - Audioson\" \/>\n<meta property=\"og:description\" content=\"Cada vegada m\u00e9s joves tenen problemes auditius i aix\u00f2 pot suposar un problema a llarg termini. Com evitar aquests problemes i quines solucions auditives hi ha per als\u00a0joves.\" \/>\n<meta property=\"og:url\" content=\"https:\/\/audioson.es\/ca\/blog-audioson\/solucions-auditives\/perduda-auditiva-en-els-joves\/\" \/>\n<meta property=\"og:site_name\" content=\"Audioson\" \/>\n<meta property=\"article:published_time\" content=\"2024-03-21T16:02:39+00:00\" \/>\n<meta property=\"article:modified_time\" content=\"2024-05-23T11:43:42+00:00\" \/>\n<meta property=\"og:image\" content=\"https:\/\/audioson.es\/wp-content\/uploads\/2024\/03\/Aquest-noi-fa-servir-audiofons-que-quasi-ni-es-veuen.jpg\" \/>\n\t<meta property=\"og:image:width\" content=\"1402\" \/>\n\t<meta property=\"og:image:height\" content=\"840\" \/>\n\t<meta property=\"og:image:type\" content=\"image\/jpeg\" \/>\n<meta name=\"author\" content=\"design\" \/>\n<meta name=\"twitter:card\" content=\"summary_large_image\" \/>\n<meta name=\"twitter:label1\" content=\"Escrit per\" \/>\n\t<meta name=\"twitter:data1\" content=\"design\" \/>\n\t<meta name=\"twitter:label2\" content=\"Temps estimat de lectura\" \/>\n\t<meta name=\"twitter:data2\" content=\"7 minuts\" \/>\n<script type=\"application\/ld+json\" class=\"yoast-schema-graph\">{\"@context\":\"https:\/\/schema.org\",\"@graph\":[{\"@type\":\"Article\",\"@id\":\"https:\/\/audioson.es\/ca\/blog-audioson\/solucions-auditives\/perduda-auditiva-en-els-joves\/#article\",\"isPartOf\":{\"@id\":\"https:\/\/audioson.es\/ca\/blog-audioson\/solucions-auditives\/perduda-auditiva-en-els-joves\/\"},\"author\":{\"name\":\"design\",\"@id\":\"https:\/\/audioson.es\/ca\/#\/schema\/person\/30894e1c414429314ad51c1d6e39ab88\"},\"headline\":\"P\u00e8rdua auditiva en els\u00a0joves\",\"datePublished\":\"2024-03-21T16:02:39+00:00\",\"dateModified\":\"2024-05-23T11:43:42+00:00\",\"mainEntityOfPage\":{\"@id\":\"https:\/\/audioson.es\/ca\/blog-audioson\/solucions-auditives\/perduda-auditiva-en-els-joves\/\"},\"wordCount\":1193,\"publisher\":{\"@id\":\"https:\/\/audioson.es\/ca\/#organization\"},\"image\":{\"@id\":\"https:\/\/audioson.es\/ca\/blog-audioson\/solucions-auditives\/perduda-auditiva-en-els-joves\/#primaryimage\"},\"thumbnailUrl\":\"https:\/\/audioson.es\/wp-content\/uploads\/2024\/03\/Aquest-noi-fa-servir-audiofons-que-quasi-ni-es-veuen.jpg\",\"articleSection\":[\"Solucions auditives\"],\"inLanguage\":\"ca\"},{\"@type\":\"WebPage\",\"@id\":\"https:\/\/audioson.es\/ca\/blog-audioson\/solucions-auditives\/perduda-auditiva-en-els-joves\/\",\"url\":\"https:\/\/audioson.es\/ca\/blog-audioson\/solucions-auditives\/perduda-auditiva-en-els-joves\/\",\"name\":\"P\u00e8rdua auditiva en els\u00a0joves - Audioson\",\"isPartOf\":{\"@id\":\"https:\/\/audioson.es\/ca\/#website\"},\"primaryImageOfPage\":{\"@id\":\"https:\/\/audioson.es\/ca\/blog-audioson\/solucions-auditives\/perduda-auditiva-en-els-joves\/#primaryimage\"},\"image\":{\"@id\":\"https:\/\/audioson.es\/ca\/blog-audioson\/solucions-auditives\/perduda-auditiva-en-els-joves\/#primaryimage\"},\"thumbnailUrl\":\"https:\/\/audioson.es\/wp-content\/uploads\/2024\/03\/Aquest-noi-fa-servir-audiofons-que-quasi-ni-es-veuen.jpg\",\"datePublished\":\"2024-03-21T16:02:39+00:00\",\"dateModified\":\"2024-05-23T11:43:42+00:00\",\"description\":\"Cada vegada m\u00e9s joves tenen problemes auditius i aix\u00f2 pot suposar un problema a llarg termini. Com evitar aquests problemes i quines solucions auditives hi ha per als\u00a0joves.\",\"breadcrumb\":{\"@id\":\"https:\/\/audioson.es\/ca\/blog-audioson\/solucions-auditives\/perduda-auditiva-en-els-joves\/#breadcrumb\"},\"inLanguage\":\"ca\",\"potentialAction\":[{\"@type\":\"ReadAction\",\"target\":[\"https:\/\/audioson.es\/ca\/blog-audioson\/solucions-auditives\/perduda-auditiva-en-els-joves\/\"]}]},{\"@type\":\"ImageObject\",\"inLanguage\":\"ca\",\"@id\":\"https:\/\/audioson.es\/ca\/blog-audioson\/solucions-auditives\/perduda-auditiva-en-els-joves\/#primaryimage\",\"url\":\"https:\/\/audioson.es\/wp-content\/uploads\/2024\/03\/Aquest-noi-fa-servir-audiofons-que-quasi-ni-es-veuen.jpg\",\"contentUrl\":\"https:\/\/audioson.es\/wp-content\/uploads\/2024\/03\/Aquest-noi-fa-servir-audiofons-que-quasi-ni-es-veuen.jpg\",\"width\":1402,\"height\":840,\"caption\":\"Aquest noi fa servir audio\u0300fons que quasi ni es veuen\"},{\"@type\":\"BreadcrumbList\",\"@id\":\"https:\/\/audioson.es\/ca\/blog-audioson\/solucions-auditives\/perduda-auditiva-en-els-joves\/#breadcrumb\",\"itemListElement\":[{\"@type\":\"ListItem\",\"position\":1,\"name\":\"Inici\",\"item\":\"https:\/\/audioson.es\/ca\/\"},{\"@type\":\"ListItem\",\"position\":2,\"name\":\"P\u00e8rdua auditiva en els\u00a0joves\"}]},{\"@type\":\"WebSite\",\"@id\":\"https:\/\/audioson.es\/ca\/#website\",\"url\":\"https:\/\/audioson.es\/ca\/\",\"name\":\"Audioson\",\"description\":\"Centres auditius\",\"publisher\":{\"@id\":\"https:\/\/audioson.es\/ca\/#organization\"},\"potentialAction\":[{\"@type\":\"SearchAction\",\"target\":{\"@type\":\"EntryPoint\",\"urlTemplate\":\"https:\/\/audioson.es\/ca\/?s={search_term_string}\"},\"query-input\":{\"@type\":\"PropertyValueSpecification\",\"valueRequired\":true,\"valueName\":\"search_term_string\"}}],\"inLanguage\":\"ca\"},{\"@type\":\"Organization\",\"@id\":\"https:\/\/audioson.es\/ca\/#organization\",\"name\":\"Audioson\",\"url\":\"https:\/\/audioson.es\/ca\/\",\"logo\":{\"@type\":\"ImageObject\",\"inLanguage\":\"ca\",\"@id\":\"https:\/\/audioson.es\/ca\/#\/schema\/logo\/image\/\",\"url\":\"https:\/\/audioson.es\/wp-content\/uploads\/2018\/04\/logo_adaptatiu.png\",\"contentUrl\":\"https:\/\/audioson.es\/wp-content\/uploads\/2018\/04\/logo_adaptatiu.png\",\"width\":147,\"height\":37,\"caption\":\"Audioson\"},\"image\":{\"@id\":\"https:\/\/audioson.es\/ca\/#\/schema\/logo\/image\/\"}},{\"@type\":\"Person\",\"@id\":\"https:\/\/audioson.es\/ca\/#\/schema\/person\/30894e1c414429314ad51c1d6e39ab88\",\"name\":\"design\"}]}<\/script>\n<!-- \/ Yoast SEO plugin. -->","yoast_head_json":{"title":"P\u00e8rdua auditiva en els\u00a0joves - Audioson","description":"Cada vegada m\u00e9s joves tenen problemes auditius i aix\u00f2 pot suposar un problema a llarg termini. Com evitar aquests problemes i quines solucions auditives hi ha per als\u00a0joves.","robots":{"index":"index","follow":"follow","max-snippet":"max-snippet:-1","max-image-preview":"max-image-preview:large","max-video-preview":"max-video-preview:-1"},"canonical":"https:\/\/audioson.es\/ca\/blog-audioson\/solucions-auditives\/perduda-auditiva-en-els-joves\/","og_locale":"ca_ES","og_type":"article","og_title":"P\u00e8rdua auditiva en els\u00a0joves - Audioson","og_description":"Cada vegada m\u00e9s joves tenen problemes auditius i aix\u00f2 pot suposar un problema a llarg termini. Com evitar aquests problemes i quines solucions auditives hi ha per als\u00a0joves.","og_url":"https:\/\/audioson.es\/ca\/blog-audioson\/solucions-auditives\/perduda-auditiva-en-els-joves\/","og_site_name":"Audioson","article_published_time":"2024-03-21T16:02:39+00:00","article_modified_time":"2024-05-23T11:43:42+00:00","og_image":[{"width":1402,"height":840,"url":"https:\/\/audioson.es\/wp-content\/uploads\/2024\/03\/Aquest-noi-fa-servir-audiofons-que-quasi-ni-es-veuen.jpg","type":"image\/jpeg"}],"author":"design","twitter_card":"summary_large_image","twitter_misc":{"Escrit per":"design","Temps estimat de lectura":"7 minuts"},"schema":{"@context":"https:\/\/schema.org","@graph":[{"@type":"Article","@id":"https:\/\/audioson.es\/ca\/blog-audioson\/solucions-auditives\/perduda-auditiva-en-els-joves\/#article","isPartOf":{"@id":"https:\/\/audioson.es\/ca\/blog-audioson\/solucions-auditives\/perduda-auditiva-en-els-joves\/"},"author":{"name":"design","@id":"https:\/\/audioson.es\/ca\/#\/schema\/person\/30894e1c414429314ad51c1d6e39ab88"},"headline":"P\u00e8rdua auditiva en els\u00a0joves","datePublished":"2024-03-21T16:02:39+00:00","dateModified":"2024-05-23T11:43:42+00:00","mainEntityOfPage":{"@id":"https:\/\/audioson.es\/ca\/blog-audioson\/solucions-auditives\/perduda-auditiva-en-els-joves\/"},"wordCount":1193,"publisher":{"@id":"https:\/\/audioson.es\/ca\/#organization"},"image":{"@id":"https:\/\/audioson.es\/ca\/blog-audioson\/solucions-auditives\/perduda-auditiva-en-els-joves\/#primaryimage"},"thumbnailUrl":"https:\/\/audioson.es\/wp-content\/uploads\/2024\/03\/Aquest-noi-fa-servir-audiofons-que-quasi-ni-es-veuen.jpg","articleSection":["Solucions auditives"],"inLanguage":"ca"},{"@type":"WebPage","@id":"https:\/\/audioson.es\/ca\/blog-audioson\/solucions-auditives\/perduda-auditiva-en-els-joves\/","url":"https:\/\/audioson.es\/ca\/blog-audioson\/solucions-auditives\/perduda-auditiva-en-els-joves\/","name":"P\u00e8rdua auditiva en els\u00a0joves - Audioson","isPartOf":{"@id":"https:\/\/audioson.es\/ca\/#website"},"primaryImageOfPage":{"@id":"https:\/\/audioson.es\/ca\/blog-audioson\/solucions-auditives\/perduda-auditiva-en-els-joves\/#primaryimage"},"image":{"@id":"https:\/\/audioson.es\/ca\/blog-audioson\/solucions-auditives\/perduda-auditiva-en-els-joves\/#primaryimage"},"thumbnailUrl":"https:\/\/audioson.es\/wp-content\/uploads\/2024\/03\/Aquest-noi-fa-servir-audiofons-que-quasi-ni-es-veuen.jpg","datePublished":"2024-03-21T16:02:39+00:00","dateModified":"2024-05-23T11:43:42+00:00","description":"Cada vegada m\u00e9s joves tenen problemes auditius i aix\u00f2 pot suposar un problema a llarg termini. Com evitar aquests problemes i quines solucions auditives hi ha per als\u00a0joves.","breadcrumb":{"@id":"https:\/\/audioson.es\/ca\/blog-audioson\/solucions-auditives\/perduda-auditiva-en-els-joves\/#breadcrumb"},"inLanguage":"ca","potentialAction":[{"@type":"ReadAction","target":["https:\/\/audioson.es\/ca\/blog-audioson\/solucions-auditives\/perduda-auditiva-en-els-joves\/"]}]},{"@type":"ImageObject","inLanguage":"ca","@id":"https:\/\/audioson.es\/ca\/blog-audioson\/solucions-auditives\/perduda-auditiva-en-els-joves\/#primaryimage","url":"https:\/\/audioson.es\/wp-content\/uploads\/2024\/03\/Aquest-noi-fa-servir-audiofons-que-quasi-ni-es-veuen.jpg","contentUrl":"https:\/\/audioson.es\/wp-content\/uploads\/2024\/03\/Aquest-noi-fa-servir-audiofons-que-quasi-ni-es-veuen.jpg","width":1402,"height":840,"caption":"Aquest noi fa servir audio\u0300fons que quasi ni es veuen"},{"@type":"BreadcrumbList","@id":"https:\/\/audioson.es\/ca\/blog-audioson\/solucions-auditives\/perduda-auditiva-en-els-joves\/#breadcrumb","itemListElement":[{"@type":"ListItem","position":1,"name":"Inici","item":"https:\/\/audioson.es\/ca\/"},{"@type":"ListItem","position":2,"name":"P\u00e8rdua auditiva en els\u00a0joves"}]},{"@type":"WebSite","@id":"https:\/\/audioson.es\/ca\/#website","url":"https:\/\/audioson.es\/ca\/","name":"Audioson","description":"Centres auditius","publisher":{"@id":"https:\/\/audioson.es\/ca\/#organization"},"potentialAction":[{"@type":"SearchAction","target":{"@type":"EntryPoint","urlTemplate":"https:\/\/audioson.es\/ca\/?s={search_term_string}"},"query-input":{"@type":"PropertyValueSpecification","valueRequired":true,"valueName":"search_term_string"}}],"inLanguage":"ca"},{"@type":"Organization","@id":"https:\/\/audioson.es\/ca\/#organization","name":"Audioson","url":"https:\/\/audioson.es\/ca\/","logo":{"@type":"ImageObject","inLanguage":"ca","@id":"https:\/\/audioson.es\/ca\/#\/schema\/logo\/image\/","url":"https:\/\/audioson.es\/wp-content\/uploads\/2018\/04\/logo_adaptatiu.png","contentUrl":"https:\/\/audioson.es\/wp-content\/uploads\/2018\/04\/logo_adaptatiu.png","width":147,"height":37,"caption":"Audioson"},"image":{"@id":"https:\/\/audioson.es\/ca\/#\/schema\/logo\/image\/"}},{"@type":"Person","@id":"https:\/\/audioson.es\/ca\/#\/schema\/person\/30894e1c414429314ad51c1d6e39ab88","name":"design"}]}},"_links":{"self":[{"href":"https:\/\/audioson.es\/ca\/wp-json\/wp\/v2\/posts\/12929","targetHints":{"allow":["GET"]}}],"collection":[{"href":"https:\/\/audioson.es\/ca\/wp-json\/wp\/v2\/posts"}],"about":[{"href":"https:\/\/audioson.es\/ca\/wp-json\/wp\/v2\/types\/post"}],"author":[{"embeddable":true,"href":"https:\/\/audioson.es\/ca\/wp-json\/wp\/v2\/users\/122"}],"replies":[{"embeddable":true,"href":"https:\/\/audioson.es\/ca\/wp-json\/wp\/v2\/comments?post=12929"}],"version-history":[{"count":5,"href":"https:\/\/audioson.es\/ca\/wp-json\/wp\/v2\/posts\/12929\/revisions"}],"predecessor-version":[{"id":14164,"href":"https:\/\/audioson.es\/ca\/wp-json\/wp\/v2\/posts\/12929\/revisions\/14164"}],"wp:featuredmedia":[{"embeddable":true,"href":"https:\/\/audioson.es\/ca\/wp-json\/wp\/v2\/media\/12930"}],"wp:attachment":[{"href":"https:\/\/audioson.es\/ca\/wp-json\/wp\/v2\/media?parent=12929"}],"wp:term":[{"taxonomy":"category","embeddable":true,"href":"https:\/\/audioson.es\/ca\/wp-json\/wp\/v2\/categories?post=12929"},{"taxonomy":"post_tag","embeddable":true,"href":"https:\/\/audioson.es\/ca\/wp-json\/wp\/v2\/tags?post=12929"}],"curies":[{"name":"wp","href":"https:\/\/api.w.org\/{rel}","templated":true}]}}