{"id":14539,"date":"2024-07-30T10:22:26","date_gmt":"2024-07-30T08:22:26","guid":{"rendered":"https:\/\/audioson.es\/?p=14539"},"modified":"2024-07-30T10:22:28","modified_gmt":"2024-07-30T08:22:28","slug":"com-mantenir-els-teus-audiofons-a-lestiu-consells-i-recomanacions","status":"publish","type":"post","link":"https:\/\/audioson.es\/ca\/blog-audioson\/oida\/com-mantenir-els-teus-audiofons-a-lestiu-consells-i-recomanacions\/","title":{"rendered":"Com mantenir els teus Audi\u00f2fons a l&#8217;estiu: Consells i Recomanacions"},"content":{"rendered":"\n<p>L&#8217;estiu porta amb si calor, humitat i activitats a l&#8217;aire lliure, la qual cosa pot presentar desafiaments addicionals per als qui usen audi\u00f2fons. La suor, la sorra, i l&#8217;exposici\u00f3 a l&#8217;aigua poden afectar el rendiment i la durabilitat d&#8217;aquests dispositius. Per aix\u00f2, \u00e9s fonamental prendre <strong>mesures preventives per a protegir i mantenir els teus audi\u00f2fons en perfecte estat<\/strong> durant aquesta temporada.<br>En aquest article, t&#8217;oferim una guia completa amb consells pr\u00e0ctics per a cuidar els teus audi\u00f2fons a l&#8217;estiu.<br><\/p>\n\n\n\n<div style=\"height:32px\" aria-hidden=\"true\" class=\"wp-block-spacer\"><\/div>\n\n\n\n<h2 class=\"wp-block-heading\"><strong>Consells Essencials per a la Cura dels teus Audi\u00f2fons a l&#8217;estiu<\/strong><\/h2>\n\n\n\n<div style=\"height:32px\" aria-hidden=\"true\" class=\"wp-block-spacer\"><\/div>\n\n\n\n<h3 class=\"wp-block-heading\"><strong><strong>1. Mantingues els teus Audi\u00f2fons Secs<\/strong><\/strong><\/h3>\n\n\n\n<p>La calor i la humitat poden ser perjudicials per als audi\u00f2fons. La suor \u00e9s una de les principals causes de mal durant l&#8217;estiu, per la qual cosa \u00e9s important mantenir els audi\u00f2fons&nbsp;el m\u00e9s secs possible. Aqu\u00ed et deixem algunes recomanacions:<\/p>\n\n\n\n<p>&#8211; <strong>Deshumidificadors<\/strong>: Utilitza un deshumidificador espec\u00edfic per a audi\u00f2fons cada nit. Aquest dispositiu ajuda a eliminar la humitat acumulada, prolongant la vida \u00fatil dels teus audi\u00f2fons.<\/p>\n\n\n\n<p>&#8211; <strong>Drap o tovalloleta seca<\/strong>: Porta sempre amb tu un drap sec i net per a assecar els teus audi\u00f2fons regularment, especialment despr\u00e9s d&#8217;activitats f\u00edsiques intenses o en dies molt calorosos.<\/p>\n\n\n\n<h3 class=\"wp-block-heading\"><strong>2. Protecci\u00f3 contra l&#8217;Aigua<\/strong><\/h3>\n\n\n\n<div style=\"height:32px\" aria-hidden=\"true\" class=\"wp-block-spacer\"><\/div>\n\n\n\n<p>El contacte amb l&#8217;aigua pot ser devastador per als audi\u00f2fons (excepte que el teu audi\u00f2fon sigui un model resistent a l&#8217;aigua). \u00c9s millor prevenir que lamentar:<\/p>\n\n\n\n<p>&#8211; <strong>Treure&#8217;s els audi\u00f2fons<\/strong>: Retira&#8217;ls abans de nedar, dutxar-te o participar en activitats aqu\u00e0tiques. A menys que siguin audi\u00f2fons sumergibles.<\/p>\n\n\n\n<p><strong>&#8211; Fundes Protectores<\/strong>: Considera l&#8217;\u00fas de fundes protectores que ofereixen una barrera addicional contra la humitat i la pols.<\/p>\n\n\n\n<h3 class=\"wp-block-heading\"><strong>3. Evita l&#8217;Exposici\u00f3 Directa al Sol<\/strong><\/h3>\n\n\n\n<div style=\"height:32px\" aria-hidden=\"true\" class=\"wp-block-spacer\"><\/div>\n\n\n\n<p>L&#8217;exposici\u00f3 prolongada al sol pot causar danys per calor als teus audi\u00f2fons. Aqu\u00ed hi ha algunes maneres de protegir-los:<\/p>\n\n\n\n<p>&#8211; <strong>Ombra<\/strong>: Mantingues els teus audi\u00f2fons en l&#8217;ombra quan no els estiguis usant. Si \u00e9s possible, guarda&#8217;ls en el seu estoig en un lloc fresc i sec.<\/p>\n\n\n\n<p>&#8211; <strong>No deixar en el cotxe<\/strong>: Mai deixis els teus audi\u00f2fons en el cotxe, ja que les temperatures poden aconseguir nivells extremadament alts.<\/p>\n\n\n\n<h3 class=\"wp-block-heading\"><strong>4. Neteja Regular<\/strong><\/h3>\n\n\n\n<div style=\"height:32px\" aria-hidden=\"true\" class=\"wp-block-spacer\"><\/div>\n\n\n\n<p>La neteja regular \u00e9s crucial per a mantenir els teus audi\u00f2fons en bon estat, especialment a l&#8217;estiu quan la suor i la pols s\u00f3n m\u00e9s prevalents:<\/p>\n\n\n\n<p>&#8211; <strong>Kit de Neteja<\/strong>: Utilitza un kit de neteja espec\u00edfic per a audi\u00f2fons que inclogui eines com a esprai de neteja&nbsp;Audioson, raspalls i draps suaus (t&#8217;ho lliurem amb el teu nou audi\u00f2fon)<\/p>\n\n\n\n<p>&#8211; <strong>Components<\/strong>: Veus al teu centre&nbsp;Audioson&nbsp;al fet que et facin una neteja acurada dels micr\u00f2fons, tubs i motlles auditius per a evitar l&#8217;acumulaci\u00f3 de cerumen i brut\u00edcia.<\/p>\n\n\n\n<div style=\"height:32px\" aria-hidden=\"true\" class=\"wp-block-spacer\"><\/div>\n\n\n<div class=\"wp-block-image\">\n<figure class=\"aligncenter size-large is-resized\"><img loading=\"lazy\" decoding=\"async\" width=\"889\" height=\"1024\" src=\"https:\/\/audioson.es\/wp-content\/uploads\/2024\/07\/kit-neteja-audiofons-889x1024.jpg\" alt=\"\" class=\"wp-image-14540\" style=\"width:563px;height:auto\" srcset=\"https:\/\/audioson.es\/wp-content\/uploads\/2024\/07\/kit-neteja-audiofons-889x1024.jpg 889w, https:\/\/audioson.es\/wp-content\/uploads\/2024\/07\/kit-neteja-audiofons-261x300.jpg 261w, https:\/\/audioson.es\/wp-content\/uploads\/2024\/07\/kit-neteja-audiofons-768x884.jpg 768w, https:\/\/audioson.es\/wp-content\/uploads\/2024\/07\/kit-neteja-audiofons-867x999.jpg 867w, https:\/\/audioson.es\/wp-content\/uploads\/2024\/07\/kit-neteja-audiofons-234x270.jpg 234w, https:\/\/audioson.es\/wp-content\/uploads\/2024\/07\/kit-neteja-audiofons-600x691.jpg 600w, https:\/\/audioson.es\/wp-content\/uploads\/2024\/07\/kit-neteja-audiofons.jpg 1042w\" sizes=\"auto, (max-width: 889px) 100vw, 889px\" \/><\/figure>\n<\/div>\n\n\n<div style=\"height:32px\" aria-hidden=\"true\" class=\"wp-block-spacer\"><\/div>\n\n\n\n<h3 class=\"wp-block-heading\"><strong>5. Piles<\/strong><\/h3>\n\n\n\n<div style=\"height:32px\" aria-hidden=\"true\" class=\"wp-block-spacer\"><\/div>\n\n\n\n<p>La calor pot afectar el rendiment de les piles dels teus audi\u00f2fons. Aqu\u00ed et donem alguns consells per a mantenir les teves piles en \u00f2ptimes condicions:<\/p>\n\n\n\n<p><strong>&#8211; Emmagatzematge:<\/strong> Guarda les piles a un&nbsp;lloc&nbsp;fresc i sec. Evita deixar-les exposades&nbsp;a la calor&nbsp;extrem.<\/p>\n\n\n\n<p>&#8211; <strong>Inspecci\u00f3<\/strong>: Revisa regularment l&#8217;estat de les piles i&nbsp;canvia-les&nbsp;si notes que el seu rendiment disminueix.<\/p>\n\n\n\n<h2 class=\"wp-block-heading\"><strong>Consells&nbsp;addicionals&nbsp;pel manteniment dels teus audi\u00f2fons<\/strong><\/h2>\n\n\n\n<div style=\"height:32px\" aria-hidden=\"true\" class=\"wp-block-spacer\"><\/div>\n\n\n\n<h3 class=\"wp-block-heading\"><strong>1.&nbsp;\u00das&nbsp;de Filtres Protectors de Cera<\/strong><\/h3>\n\n\n\n<div style=\"height:32px\" aria-hidden=\"true\" class=\"wp-block-spacer\"><\/div>\n\n\n\n<p>La cera pot obstruir els audi\u00f2fons i&nbsp;reduir&nbsp;la seva&nbsp;efic\u00e0cia. Utilitza filtres&nbsp;anticera&nbsp;per evitar que aquesta s&#8217;acumuli als compartiments sensibles dels teus audi\u00f2fons.<\/p>\n\n\n\n<h3 class=\"wp-block-heading\"><strong>2. Visites regulars a l&#8217;especialista<\/strong><\/h3>\n\n\n\n<div style=\"height:32px\" aria-hidden=\"true\" class=\"wp-block-spacer\"><\/div>\n\n\n\n<p>Les revisions peri\u00f2diques al teu&nbsp;audi\u00f2fon&nbsp;s\u00f3n&nbsp;essencials. Durant l&#8217;estiu, programa una visita&nbsp;addicional&nbsp;per&nbsp;assegurar-te&nbsp;de qu\u00e8&nbsp;els teus tus&nbsp;audi\u00f2fons&nbsp;estan&nbsp;funcionant&nbsp;correctament&nbsp;i&nbsp;rebre&nbsp;qualsevol&nbsp;ajust&nbsp;necessari.<\/p>\n\n\n\n<h3 class=\"wp-block-heading\"><strong>3. Educaci\u00f3 i Precaucions<\/strong><\/h3>\n\n\n\n<div style=\"height:32px\" aria-hidden=\"true\" class=\"wp-block-spacer\"><\/div>\n\n\n\n<p>Informa\u2019t&nbsp;sobre les millors pr\u00e0ctiques per a la cura d&#8217;audi\u00f2fons. Pots demanar assessorament per a mantenir els teus dispositius en excel\u00b7lent estat.<\/p>\n\n\n\n<h2 class=\"wp-block-heading\"><strong>Implementaci\u00f3 d\u2019una rutina de cura<\/strong><\/h2>\n\n\n\n<div style=\"height:32px\" aria-hidden=\"true\" class=\"wp-block-spacer\"><\/div>\n\n\n\n<h3 class=\"wp-block-heading\"><strong>Pel mat\u00ed<\/strong><\/h3>\n\n\n\n<div style=\"height:32px\" aria-hidden=\"true\" class=\"wp-block-spacer\"><\/div>\n\n\n\n<p>&#8211; Neta els teus audi\u00f2fons amb un drap sec abans de col\u00b7locar-te\u2019ls<\/p>\n\n\n\n<p>&#8211; Verifica l&#8217;estat de les bateries i canvia-les si \u00e9s necessari o posa&#8217;ls en el carregador.<\/p>\n\n\n\n<h3 class=\"wp-block-heading\"><strong>Durant el dia<\/strong><\/h3>\n\n\n\n<div style=\"height:32px\" aria-hidden=\"true\" class=\"wp-block-spacer\"><\/div>\n\n\n\n<p>&#8211; Si sues molt, asseca&#8217;ls amb un drap net durant el dia.<\/p>\n\n\n\n<p>&#8211; Evita exposar-los al sol directe o a l&#8217;aigua.<\/p>\n\n\n\n<h3 class=\"wp-block-heading\"><strong>Per la nit<\/strong><\/h3>\n\n\n\n<div style=\"height:32px\" aria-hidden=\"true\" class=\"wp-block-spacer\"><\/div>\n\n\n\n<p>&#8211; Neteja els teus audi\u00f2fons novament i col\u00b7loca&#8217;ls en el deshumidificador.<\/p>\n\n\n\n<p>&#8211; Obre el compartiment de les piles perqu\u00e8 no tinguin contacte, o posa a carregar els teus audi\u00f2fons si s\u00f3n recarregables.<\/p>\n\n\n\n<h2 class=\"wp-block-heading\"><strong>Com netejar i secar els audi\u00f2fons mullats<\/strong><\/h2>\n\n\n\n<div style=\"height:32px\" aria-hidden=\"true\" class=\"wp-block-spacer\"><\/div>\n\n\n\n<p>Si els audi\u00f2fons es mullen per accident, no et deixis portar pel p\u00e0nic: no necess\u00e0riament s&#8217;han danyat de manera irreparable. Aix\u00f2 \u00e9s el que has de fer:<\/p>\n\n\n\n<p>&#8211; <strong>Apagar l&#8217;audi\u00f2fon i tirar la bateria<\/strong>. Una bateria mullada pot provocar danys al dispositiu.<\/p>\n\n\n\n<p>&#8211; <strong>Seca amb delicadesa l&#8217;audi\u00f2fon amb una tovallola<\/strong>. Si ha caigut en aigua bruta, amb sal o amb sab\u00f3, esbandeix-ho delicadament amb aigua neta abans d&#8217;assecar-ho.<\/p>\n\n\n\n<p><strong>&#8211; Utilitza una caixa seca per a audi\u00f2fons (deshumidificador)<\/strong> o un kit d&#8217;assecat per a aquests dispositius a fi d&#8217;eliminar completament la humitat. Guarda els audi\u00f2fons en el <strong>deshumidificador<\/strong> amb el&nbsp;portapilas&nbsp;obert i deixa&#8217;ls assecar durant tota la nit. No tens un deshumidificador per a audi\u00f2fons? Pots usar el vell m\u00e8tode de posar-los en arr\u00f2s cru o deixar-los assecar a l&#8217;aire lliure durant 24 o 48 hores. No utilitzis mai un forn, un microones o un assecador d&#8217;aire calent per a aquesta operaci\u00f3, ja que la calor intensa pot ser encara m\u00e9s nociu que l&#8217;aigua.<\/p>\n\n\n\n<p>&#8211; <strong>Una vegada s&#8217;hagi assecat el dispositiu<\/strong>, posa piles noves o recarrega&#8217;l. Comprova que el teu dispositiu funcioni correctament. Els audi\u00f2fons danyats per l&#8217;aigua produeixen sons distorsionats i crepitants.<\/p>\n\n\n<div class=\"wp-block-image\">\n<figure class=\"aligncenter size-full is-resized\"><img loading=\"lazy\" decoding=\"async\" width=\"870\" height=\"954\" src=\"https:\/\/audioson.es\/wp-content\/uploads\/2024\/07\/deshumidificador-per-audiofonos.jpg\" alt=\"\" class=\"wp-image-14543\" style=\"width:569px;height:auto\" srcset=\"https:\/\/audioson.es\/wp-content\/uploads\/2024\/07\/deshumidificador-per-audiofonos.jpg 870w, https:\/\/audioson.es\/wp-content\/uploads\/2024\/07\/deshumidificador-per-audiofonos-274x300.jpg 274w, https:\/\/audioson.es\/wp-content\/uploads\/2024\/07\/deshumidificador-per-audiofonos-768x842.jpg 768w, https:\/\/audioson.es\/wp-content\/uploads\/2024\/07\/deshumidificador-per-audiofonos-246x270.jpg 246w, https:\/\/audioson.es\/wp-content\/uploads\/2024\/07\/deshumidificador-per-audiofonos-600x658.jpg 600w\" sizes=\"auto, (max-width: 870px) 100vw, 870px\" \/><\/figure>\n<\/div>\n\n\n<p>Si continua presentant problemes, consulta al teu <a href=\"https:\/\/audioson.es\/ca\/centres-auditius-audioson\/\">centre&nbsp;Audioson<\/a>.<\/p>\n\n\n\n<p>L&#8217;estiu pot presentar desafiaments addicionals per al manteniment dels teus audi\u00f2fons, per\u00f2 amb les cures adequades, pots garantir que es mantindran en perfecte estat. Segueix aquests consells pr\u00e0ctics per a protegir els teus audi\u00f2fons de la calor, la humitat i l&#8217;aigua, i assegura&#8217;t de realitzar una neteja i manteniment regular. Recorda que els teus audi\u00f2fons s\u00f3n una inversi\u00f3 en la teva qualitat de vida, i cuidar-los adequadament et permetr\u00e0 gaudir d&#8217;una audici\u00f3 \u00f2ptima durant tot l&#8217;any.<\/p>\n\n\n\n<p>Per a m\u00e9s informaci\u00f3 i consells sobre la cura dels teus audi\u00f2fons, no dubtis a visitar els nostres <a href=\"https:\/\/audioson.es\/ca\/centres-auditius-audioson\/\">centres d&#8217;audici\u00f3<\/a> per a ajudar-te.<\/p>\n","protected":false},"excerpt":{"rendered":"<p>L&#8217;estiu porta amb si calor, humitat i activitats a l&#8217;aire lliure, la qual cosa pot presentar desafiaments addicionals per als qui usen audi\u00f2fons. La suor, la sorra, i l&#8217;exposici\u00f3 a l&#8217;aigua poden afectar el rendiment i la durabilitat d&#8217;aquests dispositius. Per aix\u00f2, \u00e9s fonamental prendre mesures preventives per a protegir i mantenir els teus audi\u00f2fons [&hellip;]<\/p>\n","protected":false},"author":122,"featured_media":14547,"comment_status":"closed","ping_status":"closed","sticky":false,"template":"","format":"standard","meta":{"_acf_changed":false,"footnotes":""},"categories":[149],"tags":[],"class_list":["post-14539","post","type-post","status-publish","format-standard","has-post-thumbnail","hentry","category-oida"],"acf":[],"yoast_head":"<!-- This site is optimized with the Yoast SEO plugin v26.9 - https:\/\/yoast.com\/product\/yoast-seo-wordpress\/ -->\n<title>Consells i recomanacions per a un bon manteniment dels teus audi\u00f2fons aquest estiu<\/title>\n<meta name=\"description\" content=\"Consells Essencials per a la Cura dels teus Audi\u00f2fons a l&#039;estiu. Ves amb compte dels teus audi\u00f2fons per a la suor, platja i piscina. Mantingues un bon manteniment i unes bones rutines de neteja perqu\u00e8 aquests no es deteriorin i continu\u00efn tenint la millor qualitat.\" \/>\n<meta name=\"robots\" content=\"index, follow, max-snippet:-1, max-image-preview:large, max-video-preview:-1\" \/>\n<link rel=\"canonical\" href=\"https:\/\/audioson.es\/ca\/blog-audioson\/oida\/com-mantenir-els-teus-audiofons-a-lestiu-consells-i-recomanacions\/\" \/>\n<meta property=\"og:locale\" content=\"ca_ES\" \/>\n<meta property=\"og:type\" content=\"article\" \/>\n<meta property=\"og:title\" content=\"Consells i recomanacions per a un bon manteniment dels teus audi\u00f2fons aquest estiu\" \/>\n<meta property=\"og:description\" content=\"Consells Essencials per a la Cura dels teus Audi\u00f2fons a l&#039;estiu. Ves amb compte dels teus audi\u00f2fons per a la suor, platja i piscina. Mantingues un bon manteniment i unes bones rutines de neteja perqu\u00e8 aquests no es deteriorin i continu\u00efn tenint la millor qualitat.\" \/>\n<meta property=\"og:url\" content=\"https:\/\/audioson.es\/ca\/blog-audioson\/oida\/com-mantenir-els-teus-audiofons-a-lestiu-consells-i-recomanacions\/\" \/>\n<meta property=\"og:site_name\" content=\"Audioson\" \/>\n<meta property=\"article:published_time\" content=\"2024-07-30T08:22:26+00:00\" \/>\n<meta property=\"article:modified_time\" content=\"2024-07-30T08:22:28+00:00\" \/>\n<meta property=\"og:image\" content=\"https:\/\/audioson.es\/wp-content\/uploads\/2024\/07\/manteniment-audiofons-estiu.jpg\" \/>\n\t<meta property=\"og:image:width\" content=\"1920\" \/>\n\t<meta property=\"og:image:height\" content=\"1440\" \/>\n\t<meta property=\"og:image:type\" content=\"image\/jpeg\" \/>\n<meta name=\"author\" content=\"design\" \/>\n<meta name=\"twitter:card\" content=\"summary_large_image\" \/>\n<meta name=\"twitter:label1\" content=\"Escrit per\" \/>\n\t<meta name=\"twitter:data1\" content=\"design\" \/>\n\t<meta name=\"twitter:label2\" content=\"Temps estimat de lectura\" \/>\n\t<meta name=\"twitter:data2\" content=\"6 minuts\" \/>\n<script type=\"application\/ld+json\" class=\"yoast-schema-graph\">{\"@context\":\"https:\/\/schema.org\",\"@graph\":[{\"@type\":\"Article\",\"@id\":\"https:\/\/audioson.es\/ca\/blog-audioson\/oida\/com-mantenir-els-teus-audiofons-a-lestiu-consells-i-recomanacions\/#article\",\"isPartOf\":{\"@id\":\"https:\/\/audioson.es\/ca\/blog-audioson\/oida\/com-mantenir-els-teus-audiofons-a-lestiu-consells-i-recomanacions\/\"},\"author\":{\"name\":\"design\",\"@id\":\"https:\/\/audioson.es\/ca\/#\/schema\/person\/30894e1c414429314ad51c1d6e39ab88\"},\"headline\":\"Com mantenir els teus Audi\u00f2fons a l&#8217;estiu: Consells i Recomanacions\",\"datePublished\":\"2024-07-30T08:22:26+00:00\",\"dateModified\":\"2024-07-30T08:22:28+00:00\",\"mainEntityOfPage\":{\"@id\":\"https:\/\/audioson.es\/ca\/blog-audioson\/oida\/com-mantenir-els-teus-audiofons-a-lestiu-consells-i-recomanacions\/\"},\"wordCount\":1160,\"publisher\":{\"@id\":\"https:\/\/audioson.es\/ca\/#organization\"},\"image\":{\"@id\":\"https:\/\/audioson.es\/ca\/blog-audioson\/oida\/com-mantenir-els-teus-audiofons-a-lestiu-consells-i-recomanacions\/#primaryimage\"},\"thumbnailUrl\":\"https:\/\/audioson.es\/wp-content\/uploads\/2024\/07\/manteniment-audiofons-estiu.jpg\",\"articleSection\":[\"O\u00efda\"],\"inLanguage\":\"ca\"},{\"@type\":\"WebPage\",\"@id\":\"https:\/\/audioson.es\/ca\/blog-audioson\/oida\/com-mantenir-els-teus-audiofons-a-lestiu-consells-i-recomanacions\/\",\"url\":\"https:\/\/audioson.es\/ca\/blog-audioson\/oida\/com-mantenir-els-teus-audiofons-a-lestiu-consells-i-recomanacions\/\",\"name\":\"Consells i recomanacions per a un bon manteniment dels teus audi\u00f2fons aquest estiu\",\"isPartOf\":{\"@id\":\"https:\/\/audioson.es\/ca\/#website\"},\"primaryImageOfPage\":{\"@id\":\"https:\/\/audioson.es\/ca\/blog-audioson\/oida\/com-mantenir-els-teus-audiofons-a-lestiu-consells-i-recomanacions\/#primaryimage\"},\"image\":{\"@id\":\"https:\/\/audioson.es\/ca\/blog-audioson\/oida\/com-mantenir-els-teus-audiofons-a-lestiu-consells-i-recomanacions\/#primaryimage\"},\"thumbnailUrl\":\"https:\/\/audioson.es\/wp-content\/uploads\/2024\/07\/manteniment-audiofons-estiu.jpg\",\"datePublished\":\"2024-07-30T08:22:26+00:00\",\"dateModified\":\"2024-07-30T08:22:28+00:00\",\"description\":\"Consells Essencials per a la Cura dels teus Audi\u00f2fons a l'estiu. Ves amb compte dels teus audi\u00f2fons per a la suor, platja i piscina. Mantingues un bon manteniment i unes bones rutines de neteja perqu\u00e8 aquests no es deteriorin i continu\u00efn tenint la millor qualitat.\",\"breadcrumb\":{\"@id\":\"https:\/\/audioson.es\/ca\/blog-audioson\/oida\/com-mantenir-els-teus-audiofons-a-lestiu-consells-i-recomanacions\/#breadcrumb\"},\"inLanguage\":\"ca\",\"potentialAction\":[{\"@type\":\"ReadAction\",\"target\":[\"https:\/\/audioson.es\/ca\/blog-audioson\/oida\/com-mantenir-els-teus-audiofons-a-lestiu-consells-i-recomanacions\/\"]}]},{\"@type\":\"ImageObject\",\"inLanguage\":\"ca\",\"@id\":\"https:\/\/audioson.es\/ca\/blog-audioson\/oida\/com-mantenir-els-teus-audiofons-a-lestiu-consells-i-recomanacions\/#primaryimage\",\"url\":\"https:\/\/audioson.es\/wp-content\/uploads\/2024\/07\/manteniment-audiofons-estiu.jpg\",\"contentUrl\":\"https:\/\/audioson.es\/wp-content\/uploads\/2024\/07\/manteniment-audiofons-estiu.jpg\",\"width\":1920,\"height\":1440},{\"@type\":\"BreadcrumbList\",\"@id\":\"https:\/\/audioson.es\/ca\/blog-audioson\/oida\/com-mantenir-els-teus-audiofons-a-lestiu-consells-i-recomanacions\/#breadcrumb\",\"itemListElement\":[{\"@type\":\"ListItem\",\"position\":1,\"name\":\"Inici\",\"item\":\"https:\/\/audioson.es\/ca\/\"},{\"@type\":\"ListItem\",\"position\":2,\"name\":\"Com mantenir els teus Audi\u00f2fons a l&#8217;estiu: Consells i Recomanacions\"}]},{\"@type\":\"WebSite\",\"@id\":\"https:\/\/audioson.es\/ca\/#website\",\"url\":\"https:\/\/audioson.es\/ca\/\",\"name\":\"Audioson\",\"description\":\"Centres auditius\",\"publisher\":{\"@id\":\"https:\/\/audioson.es\/ca\/#organization\"},\"potentialAction\":[{\"@type\":\"SearchAction\",\"target\":{\"@type\":\"EntryPoint\",\"urlTemplate\":\"https:\/\/audioson.es\/ca\/?s={search_term_string}\"},\"query-input\":{\"@type\":\"PropertyValueSpecification\",\"valueRequired\":true,\"valueName\":\"search_term_string\"}}],\"inLanguage\":\"ca\"},{\"@type\":\"Organization\",\"@id\":\"https:\/\/audioson.es\/ca\/#organization\",\"name\":\"Audioson\",\"url\":\"https:\/\/audioson.es\/ca\/\",\"logo\":{\"@type\":\"ImageObject\",\"inLanguage\":\"ca\",\"@id\":\"https:\/\/audioson.es\/ca\/#\/schema\/logo\/image\/\",\"url\":\"https:\/\/audioson.es\/wp-content\/uploads\/2018\/04\/logo_adaptatiu.png\",\"contentUrl\":\"https:\/\/audioson.es\/wp-content\/uploads\/2018\/04\/logo_adaptatiu.png\",\"width\":147,\"height\":37,\"caption\":\"Audioson\"},\"image\":{\"@id\":\"https:\/\/audioson.es\/ca\/#\/schema\/logo\/image\/\"}},{\"@type\":\"Person\",\"@id\":\"https:\/\/audioson.es\/ca\/#\/schema\/person\/30894e1c414429314ad51c1d6e39ab88\",\"name\":\"design\"}]}<\/script>\n<!-- \/ Yoast SEO plugin. -->","yoast_head_json":{"title":"Consells i recomanacions per a un bon manteniment dels teus audi\u00f2fons aquest estiu","description":"Consells Essencials per a la Cura dels teus Audi\u00f2fons a l'estiu. Ves amb compte dels teus audi\u00f2fons per a la suor, platja i piscina. Mantingues un bon manteniment i unes bones rutines de neteja perqu\u00e8 aquests no es deteriorin i continu\u00efn tenint la millor qualitat.","robots":{"index":"index","follow":"follow","max-snippet":"max-snippet:-1","max-image-preview":"max-image-preview:large","max-video-preview":"max-video-preview:-1"},"canonical":"https:\/\/audioson.es\/ca\/blog-audioson\/oida\/com-mantenir-els-teus-audiofons-a-lestiu-consells-i-recomanacions\/","og_locale":"ca_ES","og_type":"article","og_title":"Consells i recomanacions per a un bon manteniment dels teus audi\u00f2fons aquest estiu","og_description":"Consells Essencials per a la Cura dels teus Audi\u00f2fons a l'estiu. Ves amb compte dels teus audi\u00f2fons per a la suor, platja i piscina. Mantingues un bon manteniment i unes bones rutines de neteja perqu\u00e8 aquests no es deteriorin i continu\u00efn tenint la millor qualitat.","og_url":"https:\/\/audioson.es\/ca\/blog-audioson\/oida\/com-mantenir-els-teus-audiofons-a-lestiu-consells-i-recomanacions\/","og_site_name":"Audioson","article_published_time":"2024-07-30T08:22:26+00:00","article_modified_time":"2024-07-30T08:22:28+00:00","og_image":[{"width":1920,"height":1440,"url":"https:\/\/audioson.es\/wp-content\/uploads\/2024\/07\/manteniment-audiofons-estiu.jpg","type":"image\/jpeg"}],"author":"design","twitter_card":"summary_large_image","twitter_misc":{"Escrit per":"design","Temps estimat de lectura":"6 minuts"},"schema":{"@context":"https:\/\/schema.org","@graph":[{"@type":"Article","@id":"https:\/\/audioson.es\/ca\/blog-audioson\/oida\/com-mantenir-els-teus-audiofons-a-lestiu-consells-i-recomanacions\/#article","isPartOf":{"@id":"https:\/\/audioson.es\/ca\/blog-audioson\/oida\/com-mantenir-els-teus-audiofons-a-lestiu-consells-i-recomanacions\/"},"author":{"name":"design","@id":"https:\/\/audioson.es\/ca\/#\/schema\/person\/30894e1c414429314ad51c1d6e39ab88"},"headline":"Com mantenir els teus Audi\u00f2fons a l&#8217;estiu: Consells i Recomanacions","datePublished":"2024-07-30T08:22:26+00:00","dateModified":"2024-07-30T08:22:28+00:00","mainEntityOfPage":{"@id":"https:\/\/audioson.es\/ca\/blog-audioson\/oida\/com-mantenir-els-teus-audiofons-a-lestiu-consells-i-recomanacions\/"},"wordCount":1160,"publisher":{"@id":"https:\/\/audioson.es\/ca\/#organization"},"image":{"@id":"https:\/\/audioson.es\/ca\/blog-audioson\/oida\/com-mantenir-els-teus-audiofons-a-lestiu-consells-i-recomanacions\/#primaryimage"},"thumbnailUrl":"https:\/\/audioson.es\/wp-content\/uploads\/2024\/07\/manteniment-audiofons-estiu.jpg","articleSection":["O\u00efda"],"inLanguage":"ca"},{"@type":"WebPage","@id":"https:\/\/audioson.es\/ca\/blog-audioson\/oida\/com-mantenir-els-teus-audiofons-a-lestiu-consells-i-recomanacions\/","url":"https:\/\/audioson.es\/ca\/blog-audioson\/oida\/com-mantenir-els-teus-audiofons-a-lestiu-consells-i-recomanacions\/","name":"Consells i recomanacions per a un bon manteniment dels teus audi\u00f2fons aquest estiu","isPartOf":{"@id":"https:\/\/audioson.es\/ca\/#website"},"primaryImageOfPage":{"@id":"https:\/\/audioson.es\/ca\/blog-audioson\/oida\/com-mantenir-els-teus-audiofons-a-lestiu-consells-i-recomanacions\/#primaryimage"},"image":{"@id":"https:\/\/audioson.es\/ca\/blog-audioson\/oida\/com-mantenir-els-teus-audiofons-a-lestiu-consells-i-recomanacions\/#primaryimage"},"thumbnailUrl":"https:\/\/audioson.es\/wp-content\/uploads\/2024\/07\/manteniment-audiofons-estiu.jpg","datePublished":"2024-07-30T08:22:26+00:00","dateModified":"2024-07-30T08:22:28+00:00","description":"Consells Essencials per a la Cura dels teus Audi\u00f2fons a l'estiu. Ves amb compte dels teus audi\u00f2fons per a la suor, platja i piscina. Mantingues un bon manteniment i unes bones rutines de neteja perqu\u00e8 aquests no es deteriorin i continu\u00efn tenint la millor qualitat.","breadcrumb":{"@id":"https:\/\/audioson.es\/ca\/blog-audioson\/oida\/com-mantenir-els-teus-audiofons-a-lestiu-consells-i-recomanacions\/#breadcrumb"},"inLanguage":"ca","potentialAction":[{"@type":"ReadAction","target":["https:\/\/audioson.es\/ca\/blog-audioson\/oida\/com-mantenir-els-teus-audiofons-a-lestiu-consells-i-recomanacions\/"]}]},{"@type":"ImageObject","inLanguage":"ca","@id":"https:\/\/audioson.es\/ca\/blog-audioson\/oida\/com-mantenir-els-teus-audiofons-a-lestiu-consells-i-recomanacions\/#primaryimage","url":"https:\/\/audioson.es\/wp-content\/uploads\/2024\/07\/manteniment-audiofons-estiu.jpg","contentUrl":"https:\/\/audioson.es\/wp-content\/uploads\/2024\/07\/manteniment-audiofons-estiu.jpg","width":1920,"height":1440},{"@type":"BreadcrumbList","@id":"https:\/\/audioson.es\/ca\/blog-audioson\/oida\/com-mantenir-els-teus-audiofons-a-lestiu-consells-i-recomanacions\/#breadcrumb","itemListElement":[{"@type":"ListItem","position":1,"name":"Inici","item":"https:\/\/audioson.es\/ca\/"},{"@type":"ListItem","position":2,"name":"Com mantenir els teus Audi\u00f2fons a l&#8217;estiu: Consells i Recomanacions"}]},{"@type":"WebSite","@id":"https:\/\/audioson.es\/ca\/#website","url":"https:\/\/audioson.es\/ca\/","name":"Audioson","description":"Centres auditius","publisher":{"@id":"https:\/\/audioson.es\/ca\/#organization"},"potentialAction":[{"@type":"SearchAction","target":{"@type":"EntryPoint","urlTemplate":"https:\/\/audioson.es\/ca\/?s={search_term_string}"},"query-input":{"@type":"PropertyValueSpecification","valueRequired":true,"valueName":"search_term_string"}}],"inLanguage":"ca"},{"@type":"Organization","@id":"https:\/\/audioson.es\/ca\/#organization","name":"Audioson","url":"https:\/\/audioson.es\/ca\/","logo":{"@type":"ImageObject","inLanguage":"ca","@id":"https:\/\/audioson.es\/ca\/#\/schema\/logo\/image\/","url":"https:\/\/audioson.es\/wp-content\/uploads\/2018\/04\/logo_adaptatiu.png","contentUrl":"https:\/\/audioson.es\/wp-content\/uploads\/2018\/04\/logo_adaptatiu.png","width":147,"height":37,"caption":"Audioson"},"image":{"@id":"https:\/\/audioson.es\/ca\/#\/schema\/logo\/image\/"}},{"@type":"Person","@id":"https:\/\/audioson.es\/ca\/#\/schema\/person\/30894e1c414429314ad51c1d6e39ab88","name":"design"}]}},"_links":{"self":[{"href":"https:\/\/audioson.es\/ca\/wp-json\/wp\/v2\/posts\/14539","targetHints":{"allow":["GET"]}}],"collection":[{"href":"https:\/\/audioson.es\/ca\/wp-json\/wp\/v2\/posts"}],"about":[{"href":"https:\/\/audioson.es\/ca\/wp-json\/wp\/v2\/types\/post"}],"author":[{"embeddable":true,"href":"https:\/\/audioson.es\/ca\/wp-json\/wp\/v2\/users\/122"}],"replies":[{"embeddable":true,"href":"https:\/\/audioson.es\/ca\/wp-json\/wp\/v2\/comments?post=14539"}],"version-history":[{"count":6,"href":"https:\/\/audioson.es\/ca\/wp-json\/wp\/v2\/posts\/14539\/revisions"}],"predecessor-version":[{"id":14573,"href":"https:\/\/audioson.es\/ca\/wp-json\/wp\/v2\/posts\/14539\/revisions\/14573"}],"wp:featuredmedia":[{"embeddable":true,"href":"https:\/\/audioson.es\/ca\/wp-json\/wp\/v2\/media\/14547"}],"wp:attachment":[{"href":"https:\/\/audioson.es\/ca\/wp-json\/wp\/v2\/media?parent=14539"}],"wp:term":[{"taxonomy":"category","embeddable":true,"href":"https:\/\/audioson.es\/ca\/wp-json\/wp\/v2\/categories?post=14539"},{"taxonomy":"post_tag","embeddable":true,"href":"https:\/\/audioson.es\/ca\/wp-json\/wp\/v2\/tags?post=14539"}],"curies":[{"name":"wp","href":"https:\/\/api.w.org\/{rel}","templated":true}]}}