{"id":2853,"date":"2019-05-02T10:03:08","date_gmt":"2019-05-02T08:03:08","guid":{"rendered":"https:\/\/audioson.es\/?p=2853"},"modified":"2023-05-08T18:09:08","modified_gmt":"2023-05-08T16:09:08","slug":"problemes-daudicio-dalgun-familiar","status":"publish","type":"post","link":"https:\/\/audioson.es\/ca\/blog-audioson\/prevencio\/problemes-daudicio-dalgun-familiar\/","title":{"rendered":"Com recon\u00e8ixer els problemes d&#8217;audici\u00f3 d&#8217;un familiar?"},"content":{"rendered":"<p class=\"p1\"><strong>Els problemes d&#8217;audici\u00f3<\/strong> provoquen una <strong>disminuci\u00f3 de la capacitat auditiva normal<\/strong> d\u2019una persona. Aix\u00f2 comporta dificultats a l\u2019hora de sentir i entendre amb claredat en el dia a dia.<\/p>\n<p class=\"p1\">Els problemes d\u2019audici\u00f3 o sordera <span class=\"s1\">(hipoacusia o persbiacusia) <\/span><strong>s\u00f3n una patologia freq\u00fcent<\/strong> entre les persones grans, ja que sol est\u00e0 relacionada amb l\u2019envelliment. Tot i aix\u00f2 tamb\u00e9 es poden <span style=\"color: #0093b4;\"><a style=\"color: #0093b4;\" href=\"https:\/\/audioson.es\/oida\/perque-perdem-audicio\/\">patir problemes d\u2019audici\u00f3<\/a><\/span> en altres edats ja sigui a causa de la contaminaci\u00f3 ac\u00fastica, l&#8217;<span class=\"s1\">exposic\u00f3 a sorolls constants pel treball<\/span>\u00a0o com a reacci\u00f3 a certs f\u00e0rmacs.<\/p>\n<p>&nbsp;<\/p>\n<p class=\"p4\" style=\"text-align: center;\"><strong><span style=\"color: #0093b4;\"><i><span style=\"color: #000000;\">\u2192 Si vols saber-ne m\u00e9s: <span style=\"color: #0093b4;\"><a style=\"color: #0093b4;\" href=\"https:\/\/audioson.es\/que-es-la-perdua-auditiva-tipus-causes\/\">Qu\u00e8 \u00e9s la p\u00e8rdua auditiva: tipus i causes.<\/a>\u00a0<span style=\"color: #000000;\">\u2190<\/span><\/span><\/span><\/i><\/span><\/strong><\/p>\n<p>&nbsp;<\/p>\n<p class=\"p1\"><strong>Ajudar a recon\u00e8ixer els problemes d\u2019audici\u00f3 d&#8217;un familiar de vegades no \u00e9s f\u00e0cil<\/strong>. Hi juguen molts factors, per\u00f2, per sobre de tot, cal entendre que cada persona \u00e9s un m\u00f3n. Per aix\u00f2 \u00e9s important que sigui l\u2019entorn de l\u2019afectat qui pugui recon\u00e8ixer els <strong>primers s\u00edmptomes de la p\u00e8rdua auditiva<\/strong>. Al final l\u2019objectiu no \u00e9s cap m\u00e9s que ajudar a <span style=\"color: #0093b4;\"><a style=\"color: #0093b4;\" href=\"https:\/\/audioson.es\/5-consells-de-salut-auditiva\/\">millorar la salut auditiva<\/a><\/span> i qualitat de vida de la persona que pateix aquests problemes d&#8217;audici\u00f3.<\/p>\n<h2>Com ajudar a recon\u00e8ixer els problemes d&#8217;audici\u00f3 d&#8217;un familiar.<\/h2>\n<p class=\"p1\">Moltes vegades, la primera dificultat que presenten els problemes d\u2019audici\u00f3 \u00e9s que <strong>el propi afectat no reconeix que t\u00e9 una dificultat per sentir<\/strong>. Normalment, els que pateixen <span style=\"color: #0093b4;\"><a style=\"color: #0093b4;\" href=\"https:\/\/audioson.es\/que-es-la-perdua-auditiva-tipus-causes\/\">p\u00e8rdua auditiva<\/a><\/span> els costa entendre i acceptar que tenen aquesta dificultat. Molt pocs manifesten aquests problemes d\u2019audici\u00f3 a un familiar o amic per por i vergonya a les possibles reaccions.<\/p>\n<p class=\"p1\">Si volem <span style=\"color: #0093b4;\"><a style=\"color: #0093b4;\" href=\"https:\/\/audioson.es\/test-auditiu\/ajuda-als-mes-estimes\/\">ajudar a superar els problemes d&#8217;audici\u00f3 d&#8217;un familiar<\/a><\/span> o conegut\u00a0 cal fer-ho amb tacte. No hem d\u2019oblidar que sentir-hi b\u00e9 t\u00e9 un gran impacte en el nostre dia a dia. Ens relacionem i interactuem amb les persones mitjan\u00e7ant la parla i el so.<\/p>\n<p class=\"p1\">Per aquesta ra\u00f3 tamb\u00e9 cal tenir en compte que les persones amb problemes d\u2019audici\u00f3 es solen tornar m\u00e9s desconfiades amb els altres. <strong>Els que no gaudeixen d&#8217;una <span style=\"color: #0093b4;\"><a style=\"color: #0093b4;\" href=\"https:\/\/audioson.es\/5-consells-de-salut-auditiva\/\">bona salut auditiva<\/a><\/span><\/strong> solen patir confusions i mal humor per no entendre les converses. Fins i tot, en certs casos es solen a\u00efllar del seu entorn social: cada vegada es relacionen menys i assisteixen a menys esdeveniments socials.<\/p>\n<p class=\"p1\">Tenint aix\u00f2 present, hi ha certs s\u00edmptomes que es repeteixen en els que pateixen problemes d\u2019audici\u00f3.<\/p>\n<p>&nbsp;<\/p>\n<p style=\"text-align: center;\"><img loading=\"lazy\" decoding=\"async\" class=\"aligncenter wp-image-664 size-large\" src=\"https:\/\/audioson.es\/wp-content\/uploads\/2017\/12\/quenecesssites_1920x650-1024x347.png\" alt=\"problemes d'audici\u00f3\" width=\"980\" height=\"332\" \/><\/p>\n<h2>Problemes d&#8217;audici\u00f3 d&#8217;un familiar: els primers s\u00edmptomes.<\/h2>\n<p class=\"p1\">En el nostre dia a dia podem <strong>recon\u00e9ixer els problemes d\u2019audici\u00f3 d&#8217;un familiar<\/strong>. Nom\u00e9s caldr\u00e0 <strong><span style=\"color: #0093b4;\"><a style=\"color: #0093b4;\" href=\"https:\/\/audioson.es\/test-auditiu\/vull-millorar-meva-audicio\/\">fixar-se en una s\u00e8rie de pistes<\/a><\/span><\/strong> que ens deixa la mateixa persona per saber si t\u00e9 algun problema d\u2019audici\u00f3.<\/p>\n<p class=\"p1\">El primer s\u00edmptoma de les persones que pateixen problemes d\u2019audici\u00f3 \u00e9s que els costa seguir les converses del dia a dia. Per aix\u00f2 demanen que els parlin m\u00e9s alt o que els repeteixen paraules. Tampoc solen entendre les converses on participa molta gent.<\/p>\n<p class=\"p1\">Un altre s\u00edmptoma molt com\u00fa sol ser apujar el volum de la televisi\u00f3 o la r\u00e0dio en exc\u00e9s sense adonar-se\u2019n.<\/p>\n<h3>S\u00edmptomes de patir\u00a0problemes d&#8217;audici\u00f3<\/h3>\n<ul>\n<li class=\"p1\">La persona li costa seguir converses en llocs sorollosos com el bar, el supermercat o sales grans per exemple.<\/li>\n<li class=\"p1\">\u00c9s dif\u00edcil parlar per tel\u00e8fon amb ell\/ella.<\/li>\n<li class=\"p1\">Sol apujar el volum de la televisi\u00f3 o radio perqu\u00e8 diu que est\u00e0 molt baix.<\/li>\n<li class=\"p1\">Li costa entendre les converses en els espais oberts.<\/li>\n<li class=\"p1\">Demanen que li repeteixen paraules o frases habitualment.<\/li>\n<li class=\"p1\">Es perd quan parla amb diverses persones a la vegada.<\/li>\n<li class=\"p1\">A vegades no senten el soroll del timbre de la porta, el so del m\u00f2bil o el tel\u00e8fon.<\/li>\n<\/ul>\n<p>&nbsp;<\/p>\n<p style=\"text-align: center;\"><a href=\"https:\/\/audioson.es\/simptomes-de-la-sordera\/\"><img loading=\"lazy\" decoding=\"async\" class=\"aligncenter wp-image-3497\" src=\"https:\/\/audioson.es\/wp-content\/uploads\/2019\/09\/els-primers-simptomes-de-la-sordera-audioson-300x114.png\" alt=\"\" width=\"600\" height=\"228\" \/><\/a><\/p>\n<h2>Com podem ajudar davant dels problemes d&#8217;audici\u00f3 d&#8217;un familiar ?<\/h2>\n<p class=\"p1\">Sigui quina sigui la ra\u00f3 per la qual es pateixen els problemes d\u2019audici\u00f3 \u00e9s vital que entenem els senyals que ens poden deixar. Si alg\u00fa del nostre entorn proper respon a varis d\u2019aquest s\u00edmptomes, el millor \u00e9s <strong>acudir al <span style=\"color: #0093b4;\"><a style=\"color: #0093b4;\" href=\"https:\/\/audioson.es\/\">centre auditiu Audioson<\/a><\/span><\/strong> m\u00e9s proper i <strong>sol\u00b7licitar un test auditiu o valoraci\u00f3 auditiva<\/strong>. Els professionals ens ajudaran a determinar si realment es pateix un problema d\u2019audici\u00f3 i <span style=\"color: #0093b4;\"><a style=\"color: #0093b4;\" href=\"https:\/\/audioson.es\/la-solucio-definitiva-pels-problemes-de-sordesa\/\">posar-hi soluci\u00f3<\/a><\/span>.<\/p>\n<p class=\"p1\"><strong>Actuar davant dels problemes d\u2019audici\u00f3 d&#8217;un familiar<\/strong>\u00a0far\u00e0 que els <strong>millorem la seva qualitat de vida<\/strong> i els ajudem a superar un problema que pot ser, d\u2019altra manera, no haurien superat.<\/p>\n<h4 style=\"text-align: center;\"><span style=\"color: #0093b4;\"><strong>Tens algun problema? Posa&#8217;t en contacte amb nosaltres sense cap comprom\u00eds:<\/strong><\/span><\/h4>\n<p>&nbsp;<\/p>\n<p style=\"padding-left: center;\">[hubspot type=form portal=5586053 id=f17e35cf-7b69-4a1f-87e3-fde6f819a22c]<\/p>\n<p>&nbsp;<\/p>\n","protected":false},"excerpt":{"rendered":"<p>Els problemes d&#8217;audici\u00f3 provoquen una disminuci\u00f3 de la capacitat auditiva normal d\u2019una persona. Aix\u00f2 comporta dificultats a l\u2019hora de sentir i entendre amb claredat en el dia a dia. Els problemes d\u2019audici\u00f3 o sordera (hipoacusia o persbiacusia) s\u00f3n una patologia freq\u00fcent entre les persones grans, ja que sol est\u00e0 relacionada amb l\u2019envelliment. Tot i aix\u00f2 [&hellip;]<\/p>\n","protected":false},"author":6,"featured_media":1268,"comment_status":"closed","ping_status":"closed","sticky":false,"template":"","format":"standard","meta":{"_acf_changed":false,"footnotes":""},"categories":[153],"tags":[],"class_list":["post-2853","post","type-post","status-publish","format-standard","has-post-thumbnail","hentry","category-prevencio"],"acf":[],"yoast_head":"<!-- This site is optimized with the Yoast SEO plugin v26.9 - https:\/\/yoast.com\/product\/yoast-seo-wordpress\/ -->\n<title>Com recon\u00e8ixer els problemes d&#039;audici\u00f3 d&#039;un familiar? | AUDIOSON | Centre auditiu Girona<\/title>\n<meta name=\"description\" content=\"Els problemes d&#039;audici\u00f3 provoquen una disminuci\u00f3 de la capacitat auditiva normal d\u2019una persona. Ajudar a una persona a recon\u00e8ixer que pateix problemes d&#039;audici\u00f3 de vegades no \u00e9s f\u00e0cil. T&#039;expliquem com fer-ho.\" \/>\n<meta name=\"robots\" content=\"index, follow, max-snippet:-1, max-image-preview:large, max-video-preview:-1\" \/>\n<link rel=\"canonical\" href=\"https:\/\/audioson.es\/ca\/blog-audioson\/prevencio\/problemes-daudicio-dalgun-familiar\/\" \/>\n<meta property=\"og:locale\" content=\"ca_ES\" \/>\n<meta property=\"og:type\" content=\"article\" \/>\n<meta property=\"og:title\" content=\"Com recon\u00e8ixer els problemes d&#039;audici\u00f3 d&#039;un familiar? | AUDIOSON | Centre auditiu Girona\" \/>\n<meta property=\"og:description\" content=\"Els problemes d&#039;audici\u00f3 provoquen una disminuci\u00f3 de la capacitat auditiva normal d\u2019una persona. Ajudar a una persona a recon\u00e8ixer que pateix problemes d&#039;audici\u00f3 de vegades no \u00e9s f\u00e0cil. T&#039;expliquem com fer-ho.\" \/>\n<meta property=\"og:url\" content=\"https:\/\/audioson.es\/ca\/blog-audioson\/prevencio\/problemes-daudicio-dalgun-familiar\/\" \/>\n<meta property=\"og:site_name\" content=\"Audioson\" \/>\n<meta property=\"article:published_time\" content=\"2019-05-02T08:03:08+00:00\" \/>\n<meta property=\"article:modified_time\" content=\"2023-05-08T16:09:08+00:00\" \/>\n<meta property=\"og:image\" content=\"https:\/\/audioson.es\/wp-content\/uploads\/2018\/02\/ajuda_490x285_08.png\" \/>\n\t<meta property=\"og:image:width\" content=\"490\" \/>\n\t<meta property=\"og:image:height\" content=\"285\" \/>\n\t<meta property=\"og:image:type\" content=\"image\/png\" \/>\n<meta name=\"author\" content=\"Audioson\" \/>\n<meta name=\"twitter:card\" content=\"summary_large_image\" \/>\n<meta name=\"twitter:label1\" content=\"Escrit per\" \/>\n\t<meta name=\"twitter:data1\" content=\"Audioson\" \/>\n\t<meta name=\"twitter:label2\" content=\"Temps estimat de lectura\" \/>\n\t<meta name=\"twitter:data2\" content=\"4 minuts\" \/>\n<script type=\"application\/ld+json\" class=\"yoast-schema-graph\">{\"@context\":\"https:\/\/schema.org\",\"@graph\":[{\"@type\":\"Article\",\"@id\":\"https:\/\/audioson.es\/ca\/blog-audioson\/prevencio\/problemes-daudicio-dalgun-familiar\/#article\",\"isPartOf\":{\"@id\":\"https:\/\/audioson.es\/ca\/blog-audioson\/prevencio\/problemes-daudicio-dalgun-familiar\/\"},\"author\":{\"name\":\"Audioson\",\"@id\":\"https:\/\/audioson.es\/ca\/#\/schema\/person\/a4d6e7bd136a988e90a76d7291c3a0bf\"},\"headline\":\"Com recon\u00e8ixer els problemes d&#8217;audici\u00f3 d&#8217;un familiar?\",\"datePublished\":\"2019-05-02T08:03:08+00:00\",\"dateModified\":\"2023-05-08T16:09:08+00:00\",\"mainEntityOfPage\":{\"@id\":\"https:\/\/audioson.es\/ca\/blog-audioson\/prevencio\/problemes-daudicio-dalgun-familiar\/\"},\"wordCount\":789,\"publisher\":{\"@id\":\"https:\/\/audioson.es\/ca\/#organization\"},\"image\":{\"@id\":\"https:\/\/audioson.es\/ca\/blog-audioson\/prevencio\/problemes-daudicio-dalgun-familiar\/#primaryimage\"},\"thumbnailUrl\":\"https:\/\/audioson.es\/wp-content\/uploads\/2018\/02\/ajuda_490x285_08.png\",\"articleSection\":[\"Prevenci\u00f3\"],\"inLanguage\":\"ca\"},{\"@type\":\"WebPage\",\"@id\":\"https:\/\/audioson.es\/ca\/blog-audioson\/prevencio\/problemes-daudicio-dalgun-familiar\/\",\"url\":\"https:\/\/audioson.es\/ca\/blog-audioson\/prevencio\/problemes-daudicio-dalgun-familiar\/\",\"name\":\"Com recon\u00e8ixer els problemes d'audici\u00f3 d'un familiar? | AUDIOSON | Centre auditiu Girona\",\"isPartOf\":{\"@id\":\"https:\/\/audioson.es\/ca\/#website\"},\"primaryImageOfPage\":{\"@id\":\"https:\/\/audioson.es\/ca\/blog-audioson\/prevencio\/problemes-daudicio-dalgun-familiar\/#primaryimage\"},\"image\":{\"@id\":\"https:\/\/audioson.es\/ca\/blog-audioson\/prevencio\/problemes-daudicio-dalgun-familiar\/#primaryimage\"},\"thumbnailUrl\":\"https:\/\/audioson.es\/wp-content\/uploads\/2018\/02\/ajuda_490x285_08.png\",\"datePublished\":\"2019-05-02T08:03:08+00:00\",\"dateModified\":\"2023-05-08T16:09:08+00:00\",\"description\":\"Els problemes d'audici\u00f3 provoquen una disminuci\u00f3 de la capacitat auditiva normal d\u2019una persona. Ajudar a una persona a recon\u00e8ixer que pateix problemes d'audici\u00f3 de vegades no \u00e9s f\u00e0cil. T'expliquem com fer-ho.\",\"breadcrumb\":{\"@id\":\"https:\/\/audioson.es\/ca\/blog-audioson\/prevencio\/problemes-daudicio-dalgun-familiar\/#breadcrumb\"},\"inLanguage\":\"ca\",\"potentialAction\":[{\"@type\":\"ReadAction\",\"target\":[\"https:\/\/audioson.es\/ca\/blog-audioson\/prevencio\/problemes-daudicio-dalgun-familiar\/\"]}]},{\"@type\":\"ImageObject\",\"inLanguage\":\"ca\",\"@id\":\"https:\/\/audioson.es\/ca\/blog-audioson\/prevencio\/problemes-daudicio-dalgun-familiar\/#primaryimage\",\"url\":\"https:\/\/audioson.es\/wp-content\/uploads\/2018\/02\/ajuda_490x285_08.png\",\"contentUrl\":\"https:\/\/audioson.es\/wp-content\/uploads\/2018\/02\/ajuda_490x285_08.png\",\"width\":490,\"height\":285,\"caption\":\"ajudes-auditives-perdua-auditiva-audioson\"},{\"@type\":\"BreadcrumbList\",\"@id\":\"https:\/\/audioson.es\/ca\/blog-audioson\/prevencio\/problemes-daudicio-dalgun-familiar\/#breadcrumb\",\"itemListElement\":[{\"@type\":\"ListItem\",\"position\":1,\"name\":\"Inici\",\"item\":\"https:\/\/audioson.es\/ca\/\"},{\"@type\":\"ListItem\",\"position\":2,\"name\":\"Com recon\u00e8ixer els problemes d&#8217;audici\u00f3 d&#8217;un familiar?\"}]},{\"@type\":\"WebSite\",\"@id\":\"https:\/\/audioson.es\/ca\/#website\",\"url\":\"https:\/\/audioson.es\/ca\/\",\"name\":\"Audioson\",\"description\":\"Centres auditius\",\"publisher\":{\"@id\":\"https:\/\/audioson.es\/ca\/#organization\"},\"potentialAction\":[{\"@type\":\"SearchAction\",\"target\":{\"@type\":\"EntryPoint\",\"urlTemplate\":\"https:\/\/audioson.es\/ca\/?s={search_term_string}\"},\"query-input\":{\"@type\":\"PropertyValueSpecification\",\"valueRequired\":true,\"valueName\":\"search_term_string\"}}],\"inLanguage\":\"ca\"},{\"@type\":\"Organization\",\"@id\":\"https:\/\/audioson.es\/ca\/#organization\",\"name\":\"Audioson\",\"url\":\"https:\/\/audioson.es\/ca\/\",\"logo\":{\"@type\":\"ImageObject\",\"inLanguage\":\"ca\",\"@id\":\"https:\/\/audioson.es\/ca\/#\/schema\/logo\/image\/\",\"url\":\"https:\/\/audioson.es\/wp-content\/uploads\/2018\/04\/logo_adaptatiu.png\",\"contentUrl\":\"https:\/\/audioson.es\/wp-content\/uploads\/2018\/04\/logo_adaptatiu.png\",\"width\":147,\"height\":37,\"caption\":\"Audioson\"},\"image\":{\"@id\":\"https:\/\/audioson.es\/ca\/#\/schema\/logo\/image\/\"}},{\"@type\":\"Person\",\"@id\":\"https:\/\/audioson.es\/ca\/#\/schema\/person\/a4d6e7bd136a988e90a76d7291c3a0bf\",\"name\":\"Audioson\",\"sameAs\":[\"https:\/\/audioson.es\"]}]}<\/script>\n<!-- \/ Yoast SEO plugin. -->","yoast_head_json":{"title":"Com recon\u00e8ixer els problemes d'audici\u00f3 d'un familiar? | AUDIOSON | Centre auditiu Girona","description":"Els problemes d'audici\u00f3 provoquen una disminuci\u00f3 de la capacitat auditiva normal d\u2019una persona. Ajudar a una persona a recon\u00e8ixer que pateix problemes d'audici\u00f3 de vegades no \u00e9s f\u00e0cil. T'expliquem com fer-ho.","robots":{"index":"index","follow":"follow","max-snippet":"max-snippet:-1","max-image-preview":"max-image-preview:large","max-video-preview":"max-video-preview:-1"},"canonical":"https:\/\/audioson.es\/ca\/blog-audioson\/prevencio\/problemes-daudicio-dalgun-familiar\/","og_locale":"ca_ES","og_type":"article","og_title":"Com recon\u00e8ixer els problemes d'audici\u00f3 d'un familiar? | AUDIOSON | Centre auditiu Girona","og_description":"Els problemes d'audici\u00f3 provoquen una disminuci\u00f3 de la capacitat auditiva normal d\u2019una persona. Ajudar a una persona a recon\u00e8ixer que pateix problemes d'audici\u00f3 de vegades no \u00e9s f\u00e0cil. T'expliquem com fer-ho.","og_url":"https:\/\/audioson.es\/ca\/blog-audioson\/prevencio\/problemes-daudicio-dalgun-familiar\/","og_site_name":"Audioson","article_published_time":"2019-05-02T08:03:08+00:00","article_modified_time":"2023-05-08T16:09:08+00:00","og_image":[{"width":490,"height":285,"url":"https:\/\/audioson.es\/wp-content\/uploads\/2018\/02\/ajuda_490x285_08.png","type":"image\/png"}],"author":"Audioson","twitter_card":"summary_large_image","twitter_misc":{"Escrit per":"Audioson","Temps estimat de lectura":"4 minuts"},"schema":{"@context":"https:\/\/schema.org","@graph":[{"@type":"Article","@id":"https:\/\/audioson.es\/ca\/blog-audioson\/prevencio\/problemes-daudicio-dalgun-familiar\/#article","isPartOf":{"@id":"https:\/\/audioson.es\/ca\/blog-audioson\/prevencio\/problemes-daudicio-dalgun-familiar\/"},"author":{"name":"Audioson","@id":"https:\/\/audioson.es\/ca\/#\/schema\/person\/a4d6e7bd136a988e90a76d7291c3a0bf"},"headline":"Com recon\u00e8ixer els problemes d&#8217;audici\u00f3 d&#8217;un familiar?","datePublished":"2019-05-02T08:03:08+00:00","dateModified":"2023-05-08T16:09:08+00:00","mainEntityOfPage":{"@id":"https:\/\/audioson.es\/ca\/blog-audioson\/prevencio\/problemes-daudicio-dalgun-familiar\/"},"wordCount":789,"publisher":{"@id":"https:\/\/audioson.es\/ca\/#organization"},"image":{"@id":"https:\/\/audioson.es\/ca\/blog-audioson\/prevencio\/problemes-daudicio-dalgun-familiar\/#primaryimage"},"thumbnailUrl":"https:\/\/audioson.es\/wp-content\/uploads\/2018\/02\/ajuda_490x285_08.png","articleSection":["Prevenci\u00f3"],"inLanguage":"ca"},{"@type":"WebPage","@id":"https:\/\/audioson.es\/ca\/blog-audioson\/prevencio\/problemes-daudicio-dalgun-familiar\/","url":"https:\/\/audioson.es\/ca\/blog-audioson\/prevencio\/problemes-daudicio-dalgun-familiar\/","name":"Com recon\u00e8ixer els problemes d'audici\u00f3 d'un familiar? | AUDIOSON | Centre auditiu Girona","isPartOf":{"@id":"https:\/\/audioson.es\/ca\/#website"},"primaryImageOfPage":{"@id":"https:\/\/audioson.es\/ca\/blog-audioson\/prevencio\/problemes-daudicio-dalgun-familiar\/#primaryimage"},"image":{"@id":"https:\/\/audioson.es\/ca\/blog-audioson\/prevencio\/problemes-daudicio-dalgun-familiar\/#primaryimage"},"thumbnailUrl":"https:\/\/audioson.es\/wp-content\/uploads\/2018\/02\/ajuda_490x285_08.png","datePublished":"2019-05-02T08:03:08+00:00","dateModified":"2023-05-08T16:09:08+00:00","description":"Els problemes d'audici\u00f3 provoquen una disminuci\u00f3 de la capacitat auditiva normal d\u2019una persona. Ajudar a una persona a recon\u00e8ixer que pateix problemes d'audici\u00f3 de vegades no \u00e9s f\u00e0cil. T'expliquem com fer-ho.","breadcrumb":{"@id":"https:\/\/audioson.es\/ca\/blog-audioson\/prevencio\/problemes-daudicio-dalgun-familiar\/#breadcrumb"},"inLanguage":"ca","potentialAction":[{"@type":"ReadAction","target":["https:\/\/audioson.es\/ca\/blog-audioson\/prevencio\/problemes-daudicio-dalgun-familiar\/"]}]},{"@type":"ImageObject","inLanguage":"ca","@id":"https:\/\/audioson.es\/ca\/blog-audioson\/prevencio\/problemes-daudicio-dalgun-familiar\/#primaryimage","url":"https:\/\/audioson.es\/wp-content\/uploads\/2018\/02\/ajuda_490x285_08.png","contentUrl":"https:\/\/audioson.es\/wp-content\/uploads\/2018\/02\/ajuda_490x285_08.png","width":490,"height":285,"caption":"ajudes-auditives-perdua-auditiva-audioson"},{"@type":"BreadcrumbList","@id":"https:\/\/audioson.es\/ca\/blog-audioson\/prevencio\/problemes-daudicio-dalgun-familiar\/#breadcrumb","itemListElement":[{"@type":"ListItem","position":1,"name":"Inici","item":"https:\/\/audioson.es\/ca\/"},{"@type":"ListItem","position":2,"name":"Com recon\u00e8ixer els problemes d&#8217;audici\u00f3 d&#8217;un familiar?"}]},{"@type":"WebSite","@id":"https:\/\/audioson.es\/ca\/#website","url":"https:\/\/audioson.es\/ca\/","name":"Audioson","description":"Centres auditius","publisher":{"@id":"https:\/\/audioson.es\/ca\/#organization"},"potentialAction":[{"@type":"SearchAction","target":{"@type":"EntryPoint","urlTemplate":"https:\/\/audioson.es\/ca\/?s={search_term_string}"},"query-input":{"@type":"PropertyValueSpecification","valueRequired":true,"valueName":"search_term_string"}}],"inLanguage":"ca"},{"@type":"Organization","@id":"https:\/\/audioson.es\/ca\/#organization","name":"Audioson","url":"https:\/\/audioson.es\/ca\/","logo":{"@type":"ImageObject","inLanguage":"ca","@id":"https:\/\/audioson.es\/ca\/#\/schema\/logo\/image\/","url":"https:\/\/audioson.es\/wp-content\/uploads\/2018\/04\/logo_adaptatiu.png","contentUrl":"https:\/\/audioson.es\/wp-content\/uploads\/2018\/04\/logo_adaptatiu.png","width":147,"height":37,"caption":"Audioson"},"image":{"@id":"https:\/\/audioson.es\/ca\/#\/schema\/logo\/image\/"}},{"@type":"Person","@id":"https:\/\/audioson.es\/ca\/#\/schema\/person\/a4d6e7bd136a988e90a76d7291c3a0bf","name":"Audioson","sameAs":["https:\/\/audioson.es"]}]}},"_links":{"self":[{"href":"https:\/\/audioson.es\/ca\/wp-json\/wp\/v2\/posts\/2853","targetHints":{"allow":["GET"]}}],"collection":[{"href":"https:\/\/audioson.es\/ca\/wp-json\/wp\/v2\/posts"}],"about":[{"href":"https:\/\/audioson.es\/ca\/wp-json\/wp\/v2\/types\/post"}],"author":[{"embeddable":true,"href":"https:\/\/audioson.es\/ca\/wp-json\/wp\/v2\/users\/6"}],"replies":[{"embeddable":true,"href":"https:\/\/audioson.es\/ca\/wp-json\/wp\/v2\/comments?post=2853"}],"version-history":[{"count":0,"href":"https:\/\/audioson.es\/ca\/wp-json\/wp\/v2\/posts\/2853\/revisions"}],"wp:featuredmedia":[{"embeddable":true,"href":"https:\/\/audioson.es\/ca\/wp-json\/wp\/v2\/media\/1268"}],"wp:attachment":[{"href":"https:\/\/audioson.es\/ca\/wp-json\/wp\/v2\/media?parent=2853"}],"wp:term":[{"taxonomy":"category","embeddable":true,"href":"https:\/\/audioson.es\/ca\/wp-json\/wp\/v2\/categories?post=2853"},{"taxonomy":"post_tag","embeddable":true,"href":"https:\/\/audioson.es\/ca\/wp-json\/wp\/v2\/tags?post=2853"}],"curies":[{"name":"wp","href":"https:\/\/api.w.org\/{rel}","templated":true}]}}