{"id":4992,"date":"2020-03-20T13:39:32","date_gmt":"2020-03-20T11:39:32","guid":{"rendered":"https:\/\/audioson.es\/?p=4992"},"modified":"2023-07-19T11:01:59","modified_gmt":"2023-07-19T09:01:59","slug":"factors-de-risc-de-la-sordesa","status":"publish","type":"post","link":"https:\/\/audioson.es\/ca\/blog-audioson\/prevencio\/factors-de-risc-de-la-sordesa\/","title":{"rendered":"Factors de risc de la sordesa"},"content":{"rendered":"\n<p>La p\u00e8rdua auditiva \u00e9s una patologia que afecta un gran nombre de persones dins la societat. A causa d&#8217;aquest alt nombre d\u2019afectats, moltes vegades formem part d\u2019un col\u00b7lectiu de <strong>risc de patir sordera<\/strong> i no ho sabem.&nbsp;<br><\/p>\n\n\n\n<p class=\"has-text-align-center\"><strong><em>\u2192 Si vols saber-ne m\u00e9s: <\/em><\/strong><em><a href=\"https:\/\/audioson.es\/blog-audioson\/prevencio\/7-preguntes-mes-frequents-sobre-laudicio\/\" target=\"_blank\" rel=\"noreferrer noopener\">7 preguntes m\u00e9s freq\u00fcents sobre l&#8217;audici\u00f3<\/a>\u2190<\/em><\/p>\n\n\n\n<div style=\"height:20px\" aria-hidden=\"true\" class=\"wp-block-spacer\"><\/div>\n\n\n\n<p>Com hem vist en un altre article <strong>d\u2019Audioson<\/strong>, si formes part d\u2019un grup de persones amb risc de patir p\u00e8rdua auditiva o coneixes alg\u00fa que formi part d\u2019aquest grup de persones \u00e9s important que <a href=\"https:\/\/audioson.es\/blog-audioson\/prevencio\/5-consells-de-salut-auditiva\/\" target=\"_blank\" rel=\"noreferrer noopener\">vigileu la vostra salut auditiva<\/a>.<br><\/p>\n\n\n\n<p>Avui per\u00f2 anem un pas m\u00e9s enll\u00e0 i us expliquem quins s\u00f3n els <strong>factors de risc que poden danyar l\u2019audici\u00f3<\/strong>. Aquests factors de risc s\u00f3n els principals causants d\u2019iniciar una p\u00e8rdua auditiva si despr\u00e9s no vigilem amb la nostra audici\u00f3.<br><\/p>\n\n\n\n<h3 class=\"wp-block-heading\">Dos tipus d&#8217;origen en la p\u00e8rdua auditiva<\/h3>\n\n\n\n<p>Els factors de risc de la sordera que ens poden afectar a la nostra salut auditiva poden provenir de dos or\u00edgens diferents: l\u2019<strong>origen cong\u00e8nit<\/strong> i <strong>les causes adquirides<\/strong>.<br><\/p>\n\n\n\n<p><strong>L\u2019origen cong\u00e8nit<\/strong> contempla totes les causes de la p\u00e8rdua auditiva que es determinen al moment del naixement. Per tant l\u2019origen cong\u00e8nit \u00e9s un factor de risc en infants no nats o nadons. En aquest cas la millor soluci\u00f3 per con\u00e8ixer els factors de risc a qu\u00e8 s\u2019exposa l\u2019infant ser\u00e0 parlar amb el pediatre o metge especialista.<br><\/p>\n\n\n\n<figure class=\"wp-block-image size-large\"><img decoding=\"async\" src=\"https:\/\/audioson.es\/wp-content\/uploads\/2017\/12\/protegir_capc\u0327alera-1024x240.png\" alt=\"\" class=\"wp-image-3421\"\/><\/figure>\n\n\n\n<div style=\"height:47px\" aria-hidden=\"true\" class=\"wp-block-spacer\"><\/div>\n\n\n\n<p>S\u00f3n les <strong>causes adquirides<\/strong> <strong>les que ens poden provocar p\u00e8rdua auditiva<\/strong> a qualsevol edat. En aquest cas, a continuaci\u00f3 veurem els factors de risc per patir una p\u00e8rdua auditiva d\u2019aquest origen:<br><\/p>\n\n\n\n<div style=\"height:53px\" aria-hidden=\"true\" class=\"wp-block-spacer\"><\/div>\n\n\n\n<h2 class=\"wp-block-heading\">Factors de risc de la sordera<\/h2>\n\n\n\n<p>Els principals factors de risc de patir sordera s\u00f3n 5:<\/p>\n\n\n\n<ul class=\"wp-block-list\">\n<li><strong>Edat:<\/strong> Amb l\u2019edat el desgast de l\u2019audici\u00f3 \u00e9s m\u00e9s important. Les estructures internes de l\u2019orella es van desgastant i per aquesta ra\u00f3 podem tenim m\u00e9s factors de patir p\u00e8rdua auditiva.<\/li>\n<\/ul>\n\n\n\n<div style=\"height:29px\" aria-hidden=\"true\" class=\"wp-block-spacer\"><\/div>\n\n\n\n<p class=\"has-text-align-center\"><strong><em>\u2192 Si vols saber-ne m\u00e9s: <a href=\"https:\/\/audioson.es\/blog-audioson\/prevencio\/la-perdua-auditiva-en-la-gent-gran-afectacio-comuna\/\" target=\"_blank\" rel=\"noreferrer noopener\">La p\u00e8rdua auditiva en la gent gran: una afectaci\u00f3 comuna<\/a>&nbsp;<\/em><\/strong><em>\u2190<\/em><\/p>\n\n\n\n<div style=\"height:23px\" aria-hidden=\"true\" class=\"wp-block-spacer\"><\/div>\n\n\n\n<ul class=\"wp-block-list\">\n<li><strong>Exposici\u00f3 a un soroll fort<\/strong>: Si ens exposem constantment a un soroll fort i estrident de manera continuada tamb\u00e9 estem davant d&#8217;un factor de risc de patir sordera. Aquest \u00e9s el cas de la gent que realitza treballs amb una alta contaminaci\u00f3 ac\u00fastica. Tamb\u00e9 es pot donar en persones que senten un so fort en un per\u00edode curt de temps com per exemple el tret d&#8217;una escopeta.<\/li>\n<\/ul>\n\n\n\n<ul class=\"wp-block-list\">\n<li><strong>Factors hereditaris: <\/strong>La nostra composici\u00f3 gen\u00e8tica pot provocar que una persona sigui m\u00e9s susceptible a patir p\u00e8rdua auditiva o que, davant d&#8217;un altre factor de risc, estigui m\u00e9s exposat.<br><\/li>\n\n\n\n<li><strong>Medicaments: <\/strong>Hi ha certs medicaments que tenen efectes m\u00e9s nocius en el nostre organisme i ens exposen a efectes secundaris com pot ser la p\u00e8rdua auditiva. Alguns d&#8217;aquests medicaments que ens poden provocar la p\u00e8rdua auditiva s\u00f3n els antibi\u00f2tics de la fam\u00edlia dels aminogluc\u00f2sids.<br><\/li>\n\n\n\n<li><strong>Algunes malalties: <\/strong>Algunes malalties, sobretot les infeccioses com la meningitis, l&#8217;otitis o el xarampi\u00f3 ens poden danyar la nostra capacitat auditiva. Cal vigilar molt b\u00e9 quan es pateix una d&#8217;aquestes malalties, ja que en podria derivar un cas de sordesa.<\/li>\n<\/ul>\n\n\n\n<div style=\"height:45px\" aria-hidden=\"true\" class=\"wp-block-spacer\"><\/div>\n\n\n\n<p>Aquests s\u00f3n doncs els <strong>principals factors de riscs<\/strong> adquirits que ens poden provocar una <strong>p\u00e8rdua auditiva<\/strong>. Si estem exposats a alguns d&#8217;ells, cal que vigilem i consultem a l&#8217;audi\u00f2leg o ens realitzem peri\u00f2dicament <a href=\"https:\/\/audioson.es\/blog-audioson\/prevencio\/que-es-una-prova-auditiva-i-per-que-fer-ne-una\/\" target=\"_blank\" rel=\"noreferrer noopener\">una prova auditiva<\/a>.<\/p>\n\n\n\n<div style=\"height:43px\" aria-hidden=\"true\" class=\"wp-block-spacer\"><\/div>\n\n\n\n<h4 class=\"wp-block-heading has-text-align-center has-text-color\" style=\"color:#0093b4\"><strong>Tens algun problema? Posa&#8217;t en contacte amb nosaltres sense cap comprom\u00eds:<\/strong><\/h4>\n\n\n\n<p class=\"has-text-align-center\"><\/p>\n","protected":false},"excerpt":{"rendered":"<p>La p\u00e8rdua auditiva \u00e9s una patologia que afecta un gran nombre de persones dins la societat. A causa d&#8217;aquest alt nombre d\u2019afectats, moltes vegades formem part d\u2019un col\u00b7lectiu de risc de patir sordera i no ho sabem.&nbsp; \u2192 Si vols saber-ne m\u00e9s: 7 preguntes m\u00e9s freq\u00fcents sobre l&#8217;audici\u00f3\u2190 Com hem vist en un altre article [&hellip;]<\/p>\n","protected":false},"author":6,"featured_media":4996,"comment_status":"open","ping_status":"closed","sticky":false,"template":"","format":"standard","meta":{"_acf_changed":false,"footnotes":""},"categories":[153],"tags":[],"class_list":["post-4992","post","type-post","status-publish","format-standard","has-post-thumbnail","hentry","category-prevencio"],"acf":[],"yoast_head":"<!-- This site is optimized with the Yoast SEO plugin v26.9 - https:\/\/yoast.com\/product\/yoast-seo-wordpress\/ -->\n<title>Factors de risc de la sordesa - Audioson | Centres auditius Girona<\/title>\n<meta name=\"description\" content=\"Els factors de risc de la sordera son aquells factors que ens poden provocar una p\u00e8rdua auditiva. Saber quins s\u00f3n ens ajudara a prevenir-los.\" \/>\n<meta name=\"robots\" content=\"index, follow, max-snippet:-1, max-image-preview:large, max-video-preview:-1\" \/>\n<link rel=\"canonical\" href=\"https:\/\/audioson.es\/ca\/blog-audioson\/prevencio\/factors-de-risc-de-la-sordesa\/\" \/>\n<meta property=\"og:locale\" content=\"ca_ES\" \/>\n<meta property=\"og:type\" content=\"article\" \/>\n<meta property=\"og:title\" content=\"Factors de risc de la sordesa - Audioson | Centres auditius Girona\" \/>\n<meta property=\"og:description\" content=\"Els factors de risc de la sordera son aquells factors que ens poden provocar una p\u00e8rdua auditiva. Saber quins s\u00f3n ens ajudara a prevenir-los.\" \/>\n<meta property=\"og:url\" content=\"https:\/\/audioson.es\/ca\/blog-audioson\/prevencio\/factors-de-risc-de-la-sordesa\/\" \/>\n<meta property=\"og:site_name\" content=\"Audioson\" \/>\n<meta property=\"article:published_time\" content=\"2020-03-20T11:39:32+00:00\" \/>\n<meta property=\"article:modified_time\" content=\"2023-07-19T09:01:59+00:00\" \/>\n<meta property=\"og:image\" content=\"https:\/\/audioson.es\/wp-content\/uploads\/2020\/03\/factors-de-risc-per-la-nostra-salut-auditiva-audioson-scaled.jpg\" \/>\n\t<meta property=\"og:image:width\" content=\"2560\" \/>\n\t<meta property=\"og:image:height\" content=\"1703\" \/>\n\t<meta property=\"og:image:type\" content=\"image\/jpeg\" \/>\n<meta name=\"author\" content=\"Audioson\" \/>\n<meta name=\"twitter:card\" content=\"summary_large_image\" \/>\n<meta name=\"twitter:label1\" content=\"Escrit per\" \/>\n\t<meta name=\"twitter:data1\" content=\"Audioson\" \/>\n\t<meta name=\"twitter:label2\" content=\"Temps estimat de lectura\" \/>\n\t<meta name=\"twitter:data2\" content=\"3 minuts\" \/>\n<script type=\"application\/ld+json\" class=\"yoast-schema-graph\">{\"@context\":\"https:\/\/schema.org\",\"@graph\":[{\"@type\":\"Article\",\"@id\":\"https:\/\/audioson.es\/ca\/blog-audioson\/prevencio\/factors-de-risc-de-la-sordesa\/#article\",\"isPartOf\":{\"@id\":\"https:\/\/audioson.es\/ca\/blog-audioson\/prevencio\/factors-de-risc-de-la-sordesa\/\"},\"author\":{\"name\":\"Audioson\",\"@id\":\"https:\/\/audioson.es\/ca\/#\/schema\/person\/a4d6e7bd136a988e90a76d7291c3a0bf\"},\"headline\":\"Factors de risc de la sordesa\",\"datePublished\":\"2020-03-20T11:39:32+00:00\",\"dateModified\":\"2023-07-19T09:01:59+00:00\",\"mainEntityOfPage\":{\"@id\":\"https:\/\/audioson.es\/ca\/blog-audioson\/prevencio\/factors-de-risc-de-la-sordesa\/\"},\"wordCount\":614,\"commentCount\":0,\"publisher\":{\"@id\":\"https:\/\/audioson.es\/ca\/#organization\"},\"image\":{\"@id\":\"https:\/\/audioson.es\/ca\/blog-audioson\/prevencio\/factors-de-risc-de-la-sordesa\/#primaryimage\"},\"thumbnailUrl\":\"https:\/\/audioson.es\/wp-content\/uploads\/2020\/03\/factors-de-risc-per-la-nostra-salut-auditiva-audioson-scaled.jpg\",\"articleSection\":[\"Prevenci\u00f3\"],\"inLanguage\":\"ca\",\"potentialAction\":[{\"@type\":\"CommentAction\",\"name\":\"Comment\",\"target\":[\"https:\/\/audioson.es\/ca\/blog-audioson\/prevencio\/factors-de-risc-de-la-sordesa\/#respond\"]}]},{\"@type\":\"WebPage\",\"@id\":\"https:\/\/audioson.es\/ca\/blog-audioson\/prevencio\/factors-de-risc-de-la-sordesa\/\",\"url\":\"https:\/\/audioson.es\/ca\/blog-audioson\/prevencio\/factors-de-risc-de-la-sordesa\/\",\"name\":\"Factors de risc de la sordesa - Audioson | Centres auditius Girona\",\"isPartOf\":{\"@id\":\"https:\/\/audioson.es\/ca\/#website\"},\"primaryImageOfPage\":{\"@id\":\"https:\/\/audioson.es\/ca\/blog-audioson\/prevencio\/factors-de-risc-de-la-sordesa\/#primaryimage\"},\"image\":{\"@id\":\"https:\/\/audioson.es\/ca\/blog-audioson\/prevencio\/factors-de-risc-de-la-sordesa\/#primaryimage\"},\"thumbnailUrl\":\"https:\/\/audioson.es\/wp-content\/uploads\/2020\/03\/factors-de-risc-per-la-nostra-salut-auditiva-audioson-scaled.jpg\",\"datePublished\":\"2020-03-20T11:39:32+00:00\",\"dateModified\":\"2023-07-19T09:01:59+00:00\",\"description\":\"Els factors de risc de la sordera son aquells factors que ens poden provocar una p\u00e8rdua auditiva. Saber quins s\u00f3n ens ajudara a prevenir-los.\",\"breadcrumb\":{\"@id\":\"https:\/\/audioson.es\/ca\/blog-audioson\/prevencio\/factors-de-risc-de-la-sordesa\/#breadcrumb\"},\"inLanguage\":\"ca\",\"potentialAction\":[{\"@type\":\"ReadAction\",\"target\":[\"https:\/\/audioson.es\/ca\/blog-audioson\/prevencio\/factors-de-risc-de-la-sordesa\/\"]}]},{\"@type\":\"ImageObject\",\"inLanguage\":\"ca\",\"@id\":\"https:\/\/audioson.es\/ca\/blog-audioson\/prevencio\/factors-de-risc-de-la-sordesa\/#primaryimage\",\"url\":\"https:\/\/audioson.es\/wp-content\/uploads\/2020\/03\/factors-de-risc-per-la-nostra-salut-auditiva-audioson-scaled.jpg\",\"contentUrl\":\"https:\/\/audioson.es\/wp-content\/uploads\/2020\/03\/factors-de-risc-per-la-nostra-salut-auditiva-audioson-scaled.jpg\",\"width\":2560,\"height\":1703,\"caption\":\"Factors de risc de la sordera audioson\"},{\"@type\":\"BreadcrumbList\",\"@id\":\"https:\/\/audioson.es\/ca\/blog-audioson\/prevencio\/factors-de-risc-de-la-sordesa\/#breadcrumb\",\"itemListElement\":[{\"@type\":\"ListItem\",\"position\":1,\"name\":\"Inici\",\"item\":\"https:\/\/audioson.es\/ca\/\"},{\"@type\":\"ListItem\",\"position\":2,\"name\":\"Factors de risc de la sordesa\"}]},{\"@type\":\"WebSite\",\"@id\":\"https:\/\/audioson.es\/ca\/#website\",\"url\":\"https:\/\/audioson.es\/ca\/\",\"name\":\"Audioson\",\"description\":\"Centres auditius\",\"publisher\":{\"@id\":\"https:\/\/audioson.es\/ca\/#organization\"},\"potentialAction\":[{\"@type\":\"SearchAction\",\"target\":{\"@type\":\"EntryPoint\",\"urlTemplate\":\"https:\/\/audioson.es\/ca\/?s={search_term_string}\"},\"query-input\":{\"@type\":\"PropertyValueSpecification\",\"valueRequired\":true,\"valueName\":\"search_term_string\"}}],\"inLanguage\":\"ca\"},{\"@type\":\"Organization\",\"@id\":\"https:\/\/audioson.es\/ca\/#organization\",\"name\":\"Audioson\",\"url\":\"https:\/\/audioson.es\/ca\/\",\"logo\":{\"@type\":\"ImageObject\",\"inLanguage\":\"ca\",\"@id\":\"https:\/\/audioson.es\/ca\/#\/schema\/logo\/image\/\",\"url\":\"https:\/\/audioson.es\/wp-content\/uploads\/2018\/04\/logo_adaptatiu.png\",\"contentUrl\":\"https:\/\/audioson.es\/wp-content\/uploads\/2018\/04\/logo_adaptatiu.png\",\"width\":147,\"height\":37,\"caption\":\"Audioson\"},\"image\":{\"@id\":\"https:\/\/audioson.es\/ca\/#\/schema\/logo\/image\/\"}},{\"@type\":\"Person\",\"@id\":\"https:\/\/audioson.es\/ca\/#\/schema\/person\/a4d6e7bd136a988e90a76d7291c3a0bf\",\"name\":\"Audioson\",\"sameAs\":[\"https:\/\/audioson.es\"]}]}<\/script>\n<!-- \/ Yoast SEO plugin. -->","yoast_head_json":{"title":"Factors de risc de la sordesa - Audioson | Centres auditius Girona","description":"Els factors de risc de la sordera son aquells factors que ens poden provocar una p\u00e8rdua auditiva. Saber quins s\u00f3n ens ajudara a prevenir-los.","robots":{"index":"index","follow":"follow","max-snippet":"max-snippet:-1","max-image-preview":"max-image-preview:large","max-video-preview":"max-video-preview:-1"},"canonical":"https:\/\/audioson.es\/ca\/blog-audioson\/prevencio\/factors-de-risc-de-la-sordesa\/","og_locale":"ca_ES","og_type":"article","og_title":"Factors de risc de la sordesa - Audioson | Centres auditius Girona","og_description":"Els factors de risc de la sordera son aquells factors que ens poden provocar una p\u00e8rdua auditiva. Saber quins s\u00f3n ens ajudara a prevenir-los.","og_url":"https:\/\/audioson.es\/ca\/blog-audioson\/prevencio\/factors-de-risc-de-la-sordesa\/","og_site_name":"Audioson","article_published_time":"2020-03-20T11:39:32+00:00","article_modified_time":"2023-07-19T09:01:59+00:00","og_image":[{"width":2560,"height":1703,"url":"https:\/\/audioson.es\/wp-content\/uploads\/2020\/03\/factors-de-risc-per-la-nostra-salut-auditiva-audioson-scaled.jpg","type":"image\/jpeg"}],"author":"Audioson","twitter_card":"summary_large_image","twitter_misc":{"Escrit per":"Audioson","Temps estimat de lectura":"3 minuts"},"schema":{"@context":"https:\/\/schema.org","@graph":[{"@type":"Article","@id":"https:\/\/audioson.es\/ca\/blog-audioson\/prevencio\/factors-de-risc-de-la-sordesa\/#article","isPartOf":{"@id":"https:\/\/audioson.es\/ca\/blog-audioson\/prevencio\/factors-de-risc-de-la-sordesa\/"},"author":{"name":"Audioson","@id":"https:\/\/audioson.es\/ca\/#\/schema\/person\/a4d6e7bd136a988e90a76d7291c3a0bf"},"headline":"Factors de risc de la sordesa","datePublished":"2020-03-20T11:39:32+00:00","dateModified":"2023-07-19T09:01:59+00:00","mainEntityOfPage":{"@id":"https:\/\/audioson.es\/ca\/blog-audioson\/prevencio\/factors-de-risc-de-la-sordesa\/"},"wordCount":614,"commentCount":0,"publisher":{"@id":"https:\/\/audioson.es\/ca\/#organization"},"image":{"@id":"https:\/\/audioson.es\/ca\/blog-audioson\/prevencio\/factors-de-risc-de-la-sordesa\/#primaryimage"},"thumbnailUrl":"https:\/\/audioson.es\/wp-content\/uploads\/2020\/03\/factors-de-risc-per-la-nostra-salut-auditiva-audioson-scaled.jpg","articleSection":["Prevenci\u00f3"],"inLanguage":"ca","potentialAction":[{"@type":"CommentAction","name":"Comment","target":["https:\/\/audioson.es\/ca\/blog-audioson\/prevencio\/factors-de-risc-de-la-sordesa\/#respond"]}]},{"@type":"WebPage","@id":"https:\/\/audioson.es\/ca\/blog-audioson\/prevencio\/factors-de-risc-de-la-sordesa\/","url":"https:\/\/audioson.es\/ca\/blog-audioson\/prevencio\/factors-de-risc-de-la-sordesa\/","name":"Factors de risc de la sordesa - Audioson | Centres auditius Girona","isPartOf":{"@id":"https:\/\/audioson.es\/ca\/#website"},"primaryImageOfPage":{"@id":"https:\/\/audioson.es\/ca\/blog-audioson\/prevencio\/factors-de-risc-de-la-sordesa\/#primaryimage"},"image":{"@id":"https:\/\/audioson.es\/ca\/blog-audioson\/prevencio\/factors-de-risc-de-la-sordesa\/#primaryimage"},"thumbnailUrl":"https:\/\/audioson.es\/wp-content\/uploads\/2020\/03\/factors-de-risc-per-la-nostra-salut-auditiva-audioson-scaled.jpg","datePublished":"2020-03-20T11:39:32+00:00","dateModified":"2023-07-19T09:01:59+00:00","description":"Els factors de risc de la sordera son aquells factors que ens poden provocar una p\u00e8rdua auditiva. Saber quins s\u00f3n ens ajudara a prevenir-los.","breadcrumb":{"@id":"https:\/\/audioson.es\/ca\/blog-audioson\/prevencio\/factors-de-risc-de-la-sordesa\/#breadcrumb"},"inLanguage":"ca","potentialAction":[{"@type":"ReadAction","target":["https:\/\/audioson.es\/ca\/blog-audioson\/prevencio\/factors-de-risc-de-la-sordesa\/"]}]},{"@type":"ImageObject","inLanguage":"ca","@id":"https:\/\/audioson.es\/ca\/blog-audioson\/prevencio\/factors-de-risc-de-la-sordesa\/#primaryimage","url":"https:\/\/audioson.es\/wp-content\/uploads\/2020\/03\/factors-de-risc-per-la-nostra-salut-auditiva-audioson-scaled.jpg","contentUrl":"https:\/\/audioson.es\/wp-content\/uploads\/2020\/03\/factors-de-risc-per-la-nostra-salut-auditiva-audioson-scaled.jpg","width":2560,"height":1703,"caption":"Factors de risc de la sordera audioson"},{"@type":"BreadcrumbList","@id":"https:\/\/audioson.es\/ca\/blog-audioson\/prevencio\/factors-de-risc-de-la-sordesa\/#breadcrumb","itemListElement":[{"@type":"ListItem","position":1,"name":"Inici","item":"https:\/\/audioson.es\/ca\/"},{"@type":"ListItem","position":2,"name":"Factors de risc de la sordesa"}]},{"@type":"WebSite","@id":"https:\/\/audioson.es\/ca\/#website","url":"https:\/\/audioson.es\/ca\/","name":"Audioson","description":"Centres auditius","publisher":{"@id":"https:\/\/audioson.es\/ca\/#organization"},"potentialAction":[{"@type":"SearchAction","target":{"@type":"EntryPoint","urlTemplate":"https:\/\/audioson.es\/ca\/?s={search_term_string}"},"query-input":{"@type":"PropertyValueSpecification","valueRequired":true,"valueName":"search_term_string"}}],"inLanguage":"ca"},{"@type":"Organization","@id":"https:\/\/audioson.es\/ca\/#organization","name":"Audioson","url":"https:\/\/audioson.es\/ca\/","logo":{"@type":"ImageObject","inLanguage":"ca","@id":"https:\/\/audioson.es\/ca\/#\/schema\/logo\/image\/","url":"https:\/\/audioson.es\/wp-content\/uploads\/2018\/04\/logo_adaptatiu.png","contentUrl":"https:\/\/audioson.es\/wp-content\/uploads\/2018\/04\/logo_adaptatiu.png","width":147,"height":37,"caption":"Audioson"},"image":{"@id":"https:\/\/audioson.es\/ca\/#\/schema\/logo\/image\/"}},{"@type":"Person","@id":"https:\/\/audioson.es\/ca\/#\/schema\/person\/a4d6e7bd136a988e90a76d7291c3a0bf","name":"Audioson","sameAs":["https:\/\/audioson.es"]}]}},"_links":{"self":[{"href":"https:\/\/audioson.es\/ca\/wp-json\/wp\/v2\/posts\/4992","targetHints":{"allow":["GET"]}}],"collection":[{"href":"https:\/\/audioson.es\/ca\/wp-json\/wp\/v2\/posts"}],"about":[{"href":"https:\/\/audioson.es\/ca\/wp-json\/wp\/v2\/types\/post"}],"author":[{"embeddable":true,"href":"https:\/\/audioson.es\/ca\/wp-json\/wp\/v2\/users\/6"}],"replies":[{"embeddable":true,"href":"https:\/\/audioson.es\/ca\/wp-json\/wp\/v2\/comments?post=4992"}],"version-history":[{"count":3,"href":"https:\/\/audioson.es\/ca\/wp-json\/wp\/v2\/posts\/4992\/revisions"}],"predecessor-version":[{"id":9338,"href":"https:\/\/audioson.es\/ca\/wp-json\/wp\/v2\/posts\/4992\/revisions\/9338"}],"wp:featuredmedia":[{"embeddable":true,"href":"https:\/\/audioson.es\/ca\/wp-json\/wp\/v2\/media\/4996"}],"wp:attachment":[{"href":"https:\/\/audioson.es\/ca\/wp-json\/wp\/v2\/media?parent=4992"}],"wp:term":[{"taxonomy":"category","embeddable":true,"href":"https:\/\/audioson.es\/ca\/wp-json\/wp\/v2\/categories?post=4992"},{"taxonomy":"post_tag","embeddable":true,"href":"https:\/\/audioson.es\/ca\/wp-json\/wp\/v2\/tags?post=4992"}],"curies":[{"name":"wp","href":"https:\/\/api.w.org\/{rel}","templated":true}]}}