{"id":3152,"date":"2019-07-17T12:26:16","date_gmt":"2019-07-17T10:26:16","guid":{"rendered":"https:\/\/audioson.es\/?p=3152"},"modified":"2023-07-13T14:18:44","modified_gmt":"2023-07-13T12:18:44","slug":"pilas-para-audifonos-cuantas-pilas-gastan","status":"publish","type":"post","link":"https:\/\/audioson.es\/es\/blog-audioson\/soluciones-auditivas\/pilas-para-audifonos-cuantas-pilas-gastan\/","title":{"rendered":"Pilas para aud\u00edfonos: \u00bfCu\u00e1ntas pilas gastar\u00e9 con mis aud\u00edfonos?"},"content":{"rendered":"<p><span style=\"font-weight: 400;\">La mayor\u00eda de los aud\u00edfonos que actualmente utilizamos necesitan pilas para que funcionen. Las <\/span><b>pilas para aud\u00edfonos<\/b><span style=\"font-weight: 400;\">\u00a0son diferentes de las pilas est\u00e1ndares. Se tratan de pilas Zinc-Aire y utilizan una tecnolog\u00eda diferente.\u00a0\u00a0<\/span><\/p>\n<p><span style=\"font-weight: 400;\">Muchas de las personas que utilizan <\/span><span style=\"color: #0093b4;\"><a style=\"color: #0093b4;\" href=\"https:\/\/audioson.es\/es\/que-necessites\/audiofons\/\"><span style=\"font-weight: 400;\">aud\u00edfonos<\/span><\/a><\/span><span style=\"font-weight: 400;\"> est\u00e1n preocupados por <\/span><b>cuantas pilas gastaran en su aud\u00edfono. <\/b><span style=\"font-weight: 400;\">\u00a0Es normal que nos preocupemos de que no se tenga que hacer una inversi\u00f3n excesiva por las <\/span><b>pilas para aud\u00edfonos.\u00a0<\/b><\/p>\n<p style=\"text-align: center;\"><span style=\"font-weight: 400;\">\u2192 \u00bf<\/span><b>Necesitas aud\u00edfonos?<\/b><span style=\"color: #0093b4;\"><a style=\"color: #0093b4;\" href=\"https:\/\/audioson.es\/es\/blog-audioson\/soluciones-auditivas\/audifons-en-girona-soluciones\/\"><b>\u00a0Aud\u00edfonos en Girona: soluciones para la sordera.<\/b><\/a><\/span><b> \u2190<\/b><\/p>\n<p>Por eso, desde Audioson te explicamos cu\u00e1l es la duraci\u00f3n habitual de una\u00a0<strong>pila para aud\u00edfonos\u00a0<\/strong>para que tengas toda la informaci\u00f3n necesaria sobre los aud\u00edfonos.<\/p>\n<h2>\u00bfQu\u00e9 factores afectan las pilas para aud\u00edfonos?<\/h2>\n<p>En general casi todos los <span style=\"color: #0093b4;\"><a style=\"color: #0093b4;\" href=\"https:\/\/audioson.es\/es\/blog-audioson\/soluciones-auditivas\/lo-que-tienes-que-saber-antes-de-ponerte-aparatos-para-la-sordera\/\">aud\u00edfonos<\/a><\/span> gastan la misma media de pilas por su uso. Por eso es bastante complicado bajar el gasto de\u00a0<strong>pilas para aud\u00edfonos.<\/strong><\/p>\n<p>Aunque es cierto que hay algunos factores que pueden influenciar a un gasto m\u00e1s elevado de pilas:<\/p>\n<ul>\n<li><strong>La calidad de las pilas:\u00a0<\/strong>Utilizar unas pilas muy baratas provocar\u00e1 que se agoten m\u00e1s r\u00e1pido. Adem\u00e1s cuando peor sea la calidad de las pilas esto afectar\u00e1 negativamente al aud\u00edfono. Puede que se estrope\u00e9 por esto.<\/li>\n<li><strong>El nivel de p\u00e9rdida auditiva:\u00a0<\/strong>En cuanto m\u00e1s grande sea la <span style=\"color: #0093b4;\"><a style=\"color: #0093b4;\" href=\"https:\/\/audioson.es\/es\/blog-audioson\/oido\/que-es-la-perdida-auditiva-tipos-y-causas\/\">p\u00e9rdida auditiva<\/a><\/span> que sufrimos se necesitar\u00e1 m\u00e1s energ\u00eda para amplificar el sonido. Esto provocar\u00e1 que el aud\u00edfono se use m\u00e1s y las pilas se agoten con m\u00e1s rapidez.<\/li>\n<li><strong>Tipos de aud\u00edfonos:\u00a0<\/strong>Los aud\u00edfonos viejos suelen gastar y consumir m\u00e1s pilas que los aud\u00edfonos m\u00e1s nuevas. Aun as\u00ed, a pesar que los <span style=\"color: #0093b4;\"><a style=\"color: #0093b4;\" href=\"https:\/\/audioson.es\/es\/blog-audioson\/soluciones-auditivas\/el-audifono-la-solucion-definitiva-para-los-problemas-de-sordera\/\">aud\u00edfonos<\/a><\/span> nuevos consumen menos pilas, al tener aplicaciones y funciones estos acaban consumiendo m\u00e1s pilas.<\/li>\n<\/ul>\n<h2>\u00bfCu\u00e1ntas pilas gasta un aud\u00edfono?<\/h2>\n<p>La duraci\u00f3n de las\u00a0<strong>pilas para aud\u00edfonos\u00a0<\/strong>se ver\u00e1 afectada por los factores que hemos nombrado anteriormente pero tambi\u00e9n por la medida de la pila. Por eso es bastante dif\u00edcil dictar cu\u00e1ntas pilas gasta un aud\u00edfono.<\/p>\n<p>Depender\u00e1 de m\u00faltiples factores y puede variar con facilidad.<\/p>\n<p><strong>En general, las pilas duran 10 d\u00edas haciendo uso completo de los aud\u00edfonos.\u00a0<\/strong>Al mes se gastan de medida 2 pilas y media. Todo esto puede variar dependiendo del modelo de las pilas que se utilicen, el tama\u00f1o de la pila y tambi\u00e9n el grado de <span style=\"color: #0093b4;\"><a style=\"color: #0093b4;\" href=\"https:\/\/audioson.es\/es\/blog\/\">p\u00e9rdida auditiva<\/a><\/span> que sufrimos.<\/p>\n<p>Los modelos de\u00a0<strong>pilas para aud\u00edfonos\u00a0<\/strong>m\u00e1s comunes son:<\/p>\n<ul>\n<li style=\"font-weight: 400;\"><span style=\"font-weight: 400;\">Modelo 10: de color amarillo y duran de 4 a 5 d\u00edas.\u00a0<\/span><\/li>\n<li style=\"font-weight: 400;\"><span style=\"font-weight: 400;\">Modelo 312: de color marr\u00f3n y duran de 8 a 10 d\u00edas.\u00a0<\/span><\/li>\n<li style=\"font-weight: 400;\"><span style=\"font-weight: 400;\">Modelo 13: de color naranja y duran de 15 a 20 d\u00edas.\u00a0<\/span><\/li>\n<li style=\"font-weight: 400;\"><span style=\"font-weight: 400;\">Modelo 675: de color azul y duran 30 d\u00edas.<\/span><\/li>\n<\/ul>\n<p><img loading=\"lazy\" decoding=\"async\" class=\"aligncenter wp-image-1252 size-full\" src=\"https:\/\/audioson.es\/wp-content\/uploads\/2018\/02\/serveis_capcalera.png\" alt=\"serveis-audioson-valoracio-auditiva-a-girona\" width=\"1920\" height=\"650\" srcset=\"https:\/\/audioson.es\/wp-content\/uploads\/2018\/02\/serveis_capcalera.png 1920w, https:\/\/audioson.es\/wp-content\/uploads\/2018\/02\/serveis_capcalera-600x203.png 600w\" sizes=\"auto, (max-width: 1920px) 100vw, 1920px\" \/><\/p>\n<h2><\/h2>\n<h2>\u00bfQu\u00e9 pilas para aud\u00edfonos ofrecemos en Audioson?<\/h2>\n<p>Los clientes que han comprado su aud\u00edfono en un <span style=\"color: #0093b4;\"><a style=\"color: #0093b4;\" href=\"https:\/\/audioson.es\/es\/qui-som\/els-nostres-centres\/\">centro auditivo Audioson<\/a><\/span>, no hace falta que se preocupen por las pilas.<\/p>\n<p>Durante\u00a0<strong>los tres primeros a\u00f1os <span style=\"color: #0093b4;\"><a style=\"color: #0093b4;\" href=\"https:\/\/audioson.es\/es\/serveis\/\">las pilas del aud\u00edfono van incluidas<\/a><\/span>.\u00a0<\/strong>Esto supone un total de\u00a0<strong>90 pilas que no tendr\u00e1s que comprar.<\/strong><\/p>\n<p>Despu\u00e9s de estos tres a\u00f1os tampoco tienes que preocuparte mucho. Cada pila te costar\u00e1 0,50\u20ac. Las\u00a0<strong>pilas para aud\u00edfonos\u00a0<\/strong>van en paquetes de 6 pilas. Esto significa 3E por paquete de una marca de primera como Rayovac.<\/p>\n<p>As\u00ed pues, como ver\u00e1s la pila no tiene que ser un impedimento para mejorar <span style=\"color: #0093b4;\"><a style=\"color: #0093b4;\" href=\"https:\/\/audioson.es\/es\/blog-audioson\/prevencion\/5-consejos-para-tu-salud-auditiva\/\">tu salud auditiva<\/a><\/span>. En\u00a0<strong><span style=\"color: #0093b4;\"><a style=\"color: #0093b4;\" href=\"https:\/\/audioson.es\/es\/\">Audioson<\/a><\/span>\u00a0<\/strong>te ponemos todas las facilidades para que puedas volver a disfrutar de los sonidos y mejores as\u00ed tu calidad de vida.<\/p>\n<p>&nbsp;<\/p>\n<h4 style=\"text-align: center;\"><span style=\"color: #0093b4;\"><strong>\u00bfTienes alg\u00fan problema? Ponte en contacto con nosotros sin ning\u00fan compromiso:<\/strong><\/span><\/h4>\n<p>&nbsp;<\/p>\n<p style=\"text-align: center;\">[hubspot type=form portal=5586053 id=2421b82c-b591-4d55-9954-e5d36ffd9ad2]<\/p>\n<p>&nbsp;<\/p>\n","protected":false},"excerpt":{"rendered":"<p>La mayor\u00eda de los aud\u00edfonos que actualmente utilizamos necesitan pilas para que funcionen. Las pilas para aud\u00edfonos\u00a0son diferentes de las pilas est\u00e1ndares. Se tratan de pilas Zinc-Aire y utilizan una tecnolog\u00eda diferente.\u00a0\u00a0 Muchas de las personas que utilizan aud\u00edfonos est\u00e1n preocupados por cuantas pilas gastaran en su aud\u00edfono. \u00a0Es normal que nos preocupemos de que [&hellip;]<\/p>\n","protected":false},"author":6,"featured_media":733,"comment_status":"closed","ping_status":"closed","sticky":false,"template":"","format":"standard","meta":{"_acf_changed":false,"footnotes":""},"categories":[156],"tags":[],"class_list":["post-3152","post","type-post","status-publish","format-standard","has-post-thumbnail","hentry","category-soluciones-auditivas"],"acf":[],"yoast_head":"<!-- This site is optimized with the Yoast SEO plugin v26.9 - https:\/\/yoast.com\/product\/yoast-seo-wordpress\/ -->\n<title>Pilas para aud\u00edfonos: \u00bfCu\u00e1ntas pilas gastar\u00e9 con mis aud\u00edfonos? - Audioson<\/title>\n<meta name=\"description\" content=\"Las pilas para aud\u00edfonos son diferentes de las pilas normales. Muchos de los que llevan aud\u00edfonos estamos preocupados por cuantas pilas gastar\u00e1 nuestro aud\u00edfono. Desde Audioson te contamos la duraci\u00f3n de las pilas y te regalamos los 3 primeros a\u00f1os de las pilas para aud\u00edfonos.\" \/>\n<meta name=\"robots\" content=\"index, follow, max-snippet:-1, max-image-preview:large, max-video-preview:-1\" \/>\n<link rel=\"canonical\" href=\"https:\/\/audioson.es\/es\/blog-audioson\/soluciones-auditivas\/pilas-para-audifonos-cuantas-pilas-gastan\/\" \/>\n<meta property=\"og:locale\" content=\"es_ES\" \/>\n<meta property=\"og:type\" content=\"article\" \/>\n<meta property=\"og:title\" content=\"Pilas para aud\u00edfonos: \u00bfCu\u00e1ntas pilas gastar\u00e9 con mis aud\u00edfonos? - Audioson\" \/>\n<meta property=\"og:description\" content=\"Las pilas para aud\u00edfonos son diferentes de las pilas normales. Muchos de los que llevan aud\u00edfonos estamos preocupados por cuantas pilas gastar\u00e1 nuestro aud\u00edfono. Desde Audioson te contamos la duraci\u00f3n de las pilas y te regalamos los 3 primeros a\u00f1os de las pilas para aud\u00edfonos.\" \/>\n<meta property=\"og:url\" content=\"https:\/\/audioson.es\/es\/blog-audioson\/soluciones-auditivas\/pilas-para-audifonos-cuantas-pilas-gastan\/\" \/>\n<meta property=\"og:site_name\" content=\"Audioson\" \/>\n<meta property=\"article:published_time\" content=\"2019-07-17T10:26:16+00:00\" \/>\n<meta property=\"article:modified_time\" content=\"2023-07-13T12:18:44+00:00\" \/>\n<meta property=\"og:image\" content=\"https:\/\/audioson.es\/wp-content\/uploads\/2017\/12\/comfunciona_mesinfo_980x450.png\" \/>\n\t<meta property=\"og:image:width\" content=\"980\" \/>\n\t<meta property=\"og:image:height\" content=\"450\" \/>\n\t<meta property=\"og:image:type\" content=\"image\/png\" \/>\n<meta name=\"author\" content=\"Audioson\" \/>\n<meta name=\"twitter:card\" content=\"summary_large_image\" \/>\n<meta name=\"twitter:label1\" content=\"Escrito por\" \/>\n\t<meta name=\"twitter:data1\" content=\"Audioson\" \/>\n\t<meta name=\"twitter:label2\" content=\"Tiempo de lectura\" \/>\n\t<meta name=\"twitter:data2\" content=\"3 minutos\" \/>\n<script type=\"application\/ld+json\" class=\"yoast-schema-graph\">{\"@context\":\"https:\/\/schema.org\",\"@graph\":[{\"@type\":\"Article\",\"@id\":\"https:\/\/audioson.es\/es\/blog-audioson\/soluciones-auditivas\/pilas-para-audifonos-cuantas-pilas-gastan\/#article\",\"isPartOf\":{\"@id\":\"https:\/\/audioson.es\/es\/blog-audioson\/soluciones-auditivas\/pilas-para-audifonos-cuantas-pilas-gastan\/\"},\"author\":{\"name\":\"Audioson\",\"@id\":\"https:\/\/audioson.es\/es\/#\/schema\/person\/a4d6e7bd136a988e90a76d7291c3a0bf\"},\"headline\":\"Pilas para aud\u00edfonos: \u00bfCu\u00e1ntas pilas gastar\u00e9 con mis aud\u00edfonos?\",\"datePublished\":\"2019-07-17T10:26:16+00:00\",\"dateModified\":\"2023-07-13T12:18:44+00:00\",\"mainEntityOfPage\":{\"@id\":\"https:\/\/audioson.es\/es\/blog-audioson\/soluciones-auditivas\/pilas-para-audifonos-cuantas-pilas-gastan\/\"},\"wordCount\":646,\"publisher\":{\"@id\":\"https:\/\/audioson.es\/es\/#organization\"},\"image\":{\"@id\":\"https:\/\/audioson.es\/es\/blog-audioson\/soluciones-auditivas\/pilas-para-audifonos-cuantas-pilas-gastan\/#primaryimage\"},\"thumbnailUrl\":\"https:\/\/audioson.es\/wp-content\/uploads\/2017\/12\/comfunciona_mesinfo_980x450.png\",\"articleSection\":[\"Soluciones auditivas\"],\"inLanguage\":\"es\"},{\"@type\":\"WebPage\",\"@id\":\"https:\/\/audioson.es\/es\/blog-audioson\/soluciones-auditivas\/pilas-para-audifonos-cuantas-pilas-gastan\/\",\"url\":\"https:\/\/audioson.es\/es\/blog-audioson\/soluciones-auditivas\/pilas-para-audifonos-cuantas-pilas-gastan\/\",\"name\":\"Pilas para aud\u00edfonos: \u00bfCu\u00e1ntas pilas gastar\u00e9 con mis aud\u00edfonos? - Audioson\",\"isPartOf\":{\"@id\":\"https:\/\/audioson.es\/es\/#website\"},\"primaryImageOfPage\":{\"@id\":\"https:\/\/audioson.es\/es\/blog-audioson\/soluciones-auditivas\/pilas-para-audifonos-cuantas-pilas-gastan\/#primaryimage\"},\"image\":{\"@id\":\"https:\/\/audioson.es\/es\/blog-audioson\/soluciones-auditivas\/pilas-para-audifonos-cuantas-pilas-gastan\/#primaryimage\"},\"thumbnailUrl\":\"https:\/\/audioson.es\/wp-content\/uploads\/2017\/12\/comfunciona_mesinfo_980x450.png\",\"datePublished\":\"2019-07-17T10:26:16+00:00\",\"dateModified\":\"2023-07-13T12:18:44+00:00\",\"description\":\"Las pilas para aud\u00edfonos son diferentes de las pilas normales. Muchos de los que llevan aud\u00edfonos estamos preocupados por cuantas pilas gastar\u00e1 nuestro aud\u00edfono. Desde Audioson te contamos la duraci\u00f3n de las pilas y te regalamos los 3 primeros a\u00f1os de las pilas para aud\u00edfonos.\",\"breadcrumb\":{\"@id\":\"https:\/\/audioson.es\/es\/blog-audioson\/soluciones-auditivas\/pilas-para-audifonos-cuantas-pilas-gastan\/#breadcrumb\"},\"inLanguage\":\"es\",\"potentialAction\":[{\"@type\":\"ReadAction\",\"target\":[\"https:\/\/audioson.es\/es\/blog-audioson\/soluciones-auditivas\/pilas-para-audifonos-cuantas-pilas-gastan\/\"]}]},{\"@type\":\"ImageObject\",\"inLanguage\":\"es\",\"@id\":\"https:\/\/audioson.es\/es\/blog-audioson\/soluciones-auditivas\/pilas-para-audifonos-cuantas-pilas-gastan\/#primaryimage\",\"url\":\"https:\/\/audioson.es\/wp-content\/uploads\/2017\/12\/comfunciona_mesinfo_980x450.png\",\"contentUrl\":\"https:\/\/audioson.es\/wp-content\/uploads\/2017\/12\/comfunciona_mesinfo_980x450.png\",\"width\":980,\"height\":450},{\"@type\":\"BreadcrumbList\",\"@id\":\"https:\/\/audioson.es\/es\/blog-audioson\/soluciones-auditivas\/pilas-para-audifonos-cuantas-pilas-gastan\/#breadcrumb\",\"itemListElement\":[{\"@type\":\"ListItem\",\"position\":1,\"name\":\"Inici\",\"item\":\"https:\/\/audioson.es\/es\/\"},{\"@type\":\"ListItem\",\"position\":2,\"name\":\"Pilas para aud\u00edfonos: \u00bfCu\u00e1ntas pilas gastar\u00e9 con mis aud\u00edfonos?\"}]},{\"@type\":\"WebSite\",\"@id\":\"https:\/\/audioson.es\/es\/#website\",\"url\":\"https:\/\/audioson.es\/es\/\",\"name\":\"Audioson\",\"description\":\"Centres auditius\",\"publisher\":{\"@id\":\"https:\/\/audioson.es\/es\/#organization\"},\"potentialAction\":[{\"@type\":\"SearchAction\",\"target\":{\"@type\":\"EntryPoint\",\"urlTemplate\":\"https:\/\/audioson.es\/es\/?s={search_term_string}\"},\"query-input\":{\"@type\":\"PropertyValueSpecification\",\"valueRequired\":true,\"valueName\":\"search_term_string\"}}],\"inLanguage\":\"es\"},{\"@type\":\"Organization\",\"@id\":\"https:\/\/audioson.es\/es\/#organization\",\"name\":\"Audioson\",\"url\":\"https:\/\/audioson.es\/es\/\",\"logo\":{\"@type\":\"ImageObject\",\"inLanguage\":\"es\",\"@id\":\"https:\/\/audioson.es\/es\/#\/schema\/logo\/image\/\",\"url\":\"https:\/\/audioson.es\/wp-content\/uploads\/2018\/04\/logo_adaptatiu.png\",\"contentUrl\":\"https:\/\/audioson.es\/wp-content\/uploads\/2018\/04\/logo_adaptatiu.png\",\"width\":147,\"height\":37,\"caption\":\"Audioson\"},\"image\":{\"@id\":\"https:\/\/audioson.es\/es\/#\/schema\/logo\/image\/\"}},{\"@type\":\"Person\",\"@id\":\"https:\/\/audioson.es\/es\/#\/schema\/person\/a4d6e7bd136a988e90a76d7291c3a0bf\",\"name\":\"Audioson\",\"sameAs\":[\"https:\/\/audioson.es\"]}]}<\/script>\n<!-- \/ Yoast SEO plugin. -->","yoast_head_json":{"title":"Pilas para aud\u00edfonos: \u00bfCu\u00e1ntas pilas gastar\u00e9 con mis aud\u00edfonos? - Audioson","description":"Las pilas para aud\u00edfonos son diferentes de las pilas normales. Muchos de los que llevan aud\u00edfonos estamos preocupados por cuantas pilas gastar\u00e1 nuestro aud\u00edfono. Desde Audioson te contamos la duraci\u00f3n de las pilas y te regalamos los 3 primeros a\u00f1os de las pilas para aud\u00edfonos.","robots":{"index":"index","follow":"follow","max-snippet":"max-snippet:-1","max-image-preview":"max-image-preview:large","max-video-preview":"max-video-preview:-1"},"canonical":"https:\/\/audioson.es\/es\/blog-audioson\/soluciones-auditivas\/pilas-para-audifonos-cuantas-pilas-gastan\/","og_locale":"es_ES","og_type":"article","og_title":"Pilas para aud\u00edfonos: \u00bfCu\u00e1ntas pilas gastar\u00e9 con mis aud\u00edfonos? - Audioson","og_description":"Las pilas para aud\u00edfonos son diferentes de las pilas normales. Muchos de los que llevan aud\u00edfonos estamos preocupados por cuantas pilas gastar\u00e1 nuestro aud\u00edfono. Desde Audioson te contamos la duraci\u00f3n de las pilas y te regalamos los 3 primeros a\u00f1os de las pilas para aud\u00edfonos.","og_url":"https:\/\/audioson.es\/es\/blog-audioson\/soluciones-auditivas\/pilas-para-audifonos-cuantas-pilas-gastan\/","og_site_name":"Audioson","article_published_time":"2019-07-17T10:26:16+00:00","article_modified_time":"2023-07-13T12:18:44+00:00","og_image":[{"width":980,"height":450,"url":"https:\/\/audioson.es\/wp-content\/uploads\/2017\/12\/comfunciona_mesinfo_980x450.png","type":"image\/png"}],"author":"Audioson","twitter_card":"summary_large_image","twitter_misc":{"Escrito por":"Audioson","Tiempo de lectura":"3 minutos"},"schema":{"@context":"https:\/\/schema.org","@graph":[{"@type":"Article","@id":"https:\/\/audioson.es\/es\/blog-audioson\/soluciones-auditivas\/pilas-para-audifonos-cuantas-pilas-gastan\/#article","isPartOf":{"@id":"https:\/\/audioson.es\/es\/blog-audioson\/soluciones-auditivas\/pilas-para-audifonos-cuantas-pilas-gastan\/"},"author":{"name":"Audioson","@id":"https:\/\/audioson.es\/es\/#\/schema\/person\/a4d6e7bd136a988e90a76d7291c3a0bf"},"headline":"Pilas para aud\u00edfonos: \u00bfCu\u00e1ntas pilas gastar\u00e9 con mis aud\u00edfonos?","datePublished":"2019-07-17T10:26:16+00:00","dateModified":"2023-07-13T12:18:44+00:00","mainEntityOfPage":{"@id":"https:\/\/audioson.es\/es\/blog-audioson\/soluciones-auditivas\/pilas-para-audifonos-cuantas-pilas-gastan\/"},"wordCount":646,"publisher":{"@id":"https:\/\/audioson.es\/es\/#organization"},"image":{"@id":"https:\/\/audioson.es\/es\/blog-audioson\/soluciones-auditivas\/pilas-para-audifonos-cuantas-pilas-gastan\/#primaryimage"},"thumbnailUrl":"https:\/\/audioson.es\/wp-content\/uploads\/2017\/12\/comfunciona_mesinfo_980x450.png","articleSection":["Soluciones auditivas"],"inLanguage":"es"},{"@type":"WebPage","@id":"https:\/\/audioson.es\/es\/blog-audioson\/soluciones-auditivas\/pilas-para-audifonos-cuantas-pilas-gastan\/","url":"https:\/\/audioson.es\/es\/blog-audioson\/soluciones-auditivas\/pilas-para-audifonos-cuantas-pilas-gastan\/","name":"Pilas para aud\u00edfonos: \u00bfCu\u00e1ntas pilas gastar\u00e9 con mis aud\u00edfonos? - Audioson","isPartOf":{"@id":"https:\/\/audioson.es\/es\/#website"},"primaryImageOfPage":{"@id":"https:\/\/audioson.es\/es\/blog-audioson\/soluciones-auditivas\/pilas-para-audifonos-cuantas-pilas-gastan\/#primaryimage"},"image":{"@id":"https:\/\/audioson.es\/es\/blog-audioson\/soluciones-auditivas\/pilas-para-audifonos-cuantas-pilas-gastan\/#primaryimage"},"thumbnailUrl":"https:\/\/audioson.es\/wp-content\/uploads\/2017\/12\/comfunciona_mesinfo_980x450.png","datePublished":"2019-07-17T10:26:16+00:00","dateModified":"2023-07-13T12:18:44+00:00","description":"Las pilas para aud\u00edfonos son diferentes de las pilas normales. Muchos de los que llevan aud\u00edfonos estamos preocupados por cuantas pilas gastar\u00e1 nuestro aud\u00edfono. Desde Audioson te contamos la duraci\u00f3n de las pilas y te regalamos los 3 primeros a\u00f1os de las pilas para aud\u00edfonos.","breadcrumb":{"@id":"https:\/\/audioson.es\/es\/blog-audioson\/soluciones-auditivas\/pilas-para-audifonos-cuantas-pilas-gastan\/#breadcrumb"},"inLanguage":"es","potentialAction":[{"@type":"ReadAction","target":["https:\/\/audioson.es\/es\/blog-audioson\/soluciones-auditivas\/pilas-para-audifonos-cuantas-pilas-gastan\/"]}]},{"@type":"ImageObject","inLanguage":"es","@id":"https:\/\/audioson.es\/es\/blog-audioson\/soluciones-auditivas\/pilas-para-audifonos-cuantas-pilas-gastan\/#primaryimage","url":"https:\/\/audioson.es\/wp-content\/uploads\/2017\/12\/comfunciona_mesinfo_980x450.png","contentUrl":"https:\/\/audioson.es\/wp-content\/uploads\/2017\/12\/comfunciona_mesinfo_980x450.png","width":980,"height":450},{"@type":"BreadcrumbList","@id":"https:\/\/audioson.es\/es\/blog-audioson\/soluciones-auditivas\/pilas-para-audifonos-cuantas-pilas-gastan\/#breadcrumb","itemListElement":[{"@type":"ListItem","position":1,"name":"Inici","item":"https:\/\/audioson.es\/es\/"},{"@type":"ListItem","position":2,"name":"Pilas para aud\u00edfonos: \u00bfCu\u00e1ntas pilas gastar\u00e9 con mis aud\u00edfonos?"}]},{"@type":"WebSite","@id":"https:\/\/audioson.es\/es\/#website","url":"https:\/\/audioson.es\/es\/","name":"Audioson","description":"Centres auditius","publisher":{"@id":"https:\/\/audioson.es\/es\/#organization"},"potentialAction":[{"@type":"SearchAction","target":{"@type":"EntryPoint","urlTemplate":"https:\/\/audioson.es\/es\/?s={search_term_string}"},"query-input":{"@type":"PropertyValueSpecification","valueRequired":true,"valueName":"search_term_string"}}],"inLanguage":"es"},{"@type":"Organization","@id":"https:\/\/audioson.es\/es\/#organization","name":"Audioson","url":"https:\/\/audioson.es\/es\/","logo":{"@type":"ImageObject","inLanguage":"es","@id":"https:\/\/audioson.es\/es\/#\/schema\/logo\/image\/","url":"https:\/\/audioson.es\/wp-content\/uploads\/2018\/04\/logo_adaptatiu.png","contentUrl":"https:\/\/audioson.es\/wp-content\/uploads\/2018\/04\/logo_adaptatiu.png","width":147,"height":37,"caption":"Audioson"},"image":{"@id":"https:\/\/audioson.es\/es\/#\/schema\/logo\/image\/"}},{"@type":"Person","@id":"https:\/\/audioson.es\/es\/#\/schema\/person\/a4d6e7bd136a988e90a76d7291c3a0bf","name":"Audioson","sameAs":["https:\/\/audioson.es"]}]}},"_links":{"self":[{"href":"https:\/\/audioson.es\/es\/wp-json\/wp\/v2\/posts\/3152","targetHints":{"allow":["GET"]}}],"collection":[{"href":"https:\/\/audioson.es\/es\/wp-json\/wp\/v2\/posts"}],"about":[{"href":"https:\/\/audioson.es\/es\/wp-json\/wp\/v2\/types\/post"}],"author":[{"embeddable":true,"href":"https:\/\/audioson.es\/es\/wp-json\/wp\/v2\/users\/6"}],"replies":[{"embeddable":true,"href":"https:\/\/audioson.es\/es\/wp-json\/wp\/v2\/comments?post=3152"}],"version-history":[{"count":0,"href":"https:\/\/audioson.es\/es\/wp-json\/wp\/v2\/posts\/3152\/revisions"}],"wp:featuredmedia":[{"embeddable":true,"href":"https:\/\/audioson.es\/es\/wp-json\/wp\/v2\/media\/733"}],"wp:attachment":[{"href":"https:\/\/audioson.es\/es\/wp-json\/wp\/v2\/media?parent=3152"}],"wp:term":[{"taxonomy":"category","embeddable":true,"href":"https:\/\/audioson.es\/es\/wp-json\/wp\/v2\/categories?post=3152"},{"taxonomy":"post_tag","embeddable":true,"href":"https:\/\/audioson.es\/es\/wp-json\/wp\/v2\/tags?post=3152"}],"curies":[{"name":"wp","href":"https:\/\/api.w.org\/{rel}","templated":true}]}}