{"id":33749,"date":"2025-11-05T12:42:10","date_gmt":"2025-11-05T10:42:10","guid":{"rendered":"https:\/\/audioson.es\/?p=33749"},"modified":"2025-11-05T12:42:11","modified_gmt":"2025-11-05T10:42:11","slug":"perdida-auditiva-y-alzheimer-protege-tu-cerebro-con-audioson","status":"publish","type":"post","link":"https:\/\/audioson.es\/es\/blog-audioson\/oido\/perdida-auditiva-y-alzheimer-protege-tu-cerebro-con-audioson\/","title":{"rendered":"P\u00e9rdida auditiva y Alzheimer: protege tu cerebro con Audioson"},"content":{"rendered":"\n<h2 class=\"wp-block-heading\"><strong>La p\u00e9rdida auditiva, un factor de riesgo para el cerebro<\/strong><\/h2>\n\n\n\n<div style=\"height:30px\" aria-hidden=\"true\" class=\"wp-block-spacer\"><\/div>\n\n\n\n<p>La <strong>p\u00e9rdida auditiva<\/strong> o <strong>hipoacusia<\/strong> no solo afecta la forma en que escuchamos el mundo, sino tambi\u00e9n c\u00f3mo funciona nuestro cerebro. Cada vez m\u00e1s investigaciones confirman la relaci\u00f3n entre la <strong>audici\u00f3n<\/strong> y el deterioro cognitivo, incluido el <strong>Alzheimer<\/strong>.<\/p>\n\n\n\n<p>Diversos estudios muestran que las personas con <strong><a href=\"https:\/\/audioson.es\/es\/blog-audioson\/oido\/por-que-perdemos-audicion\/\" target=\"_blank\" rel=\"noreferrer noopener\">p\u00e9rdida auditiva<\/a><\/strong> tienen entre <strong>dos y cinco veces m\u00e1s probabilidades<\/strong> de desarrollar <strong>demencia<\/strong> que aquellas con una audici\u00f3n normal. Y lo m\u00e1s preocupante es que esta conexi\u00f3n suele pasar desapercibida durante a\u00f1os.<\/p>\n\n\n\n<h2 class=\"wp-block-heading\"><strong>\u00bfPor qu\u00e9 la audici\u00f3n influye en la memoria?<\/strong><\/h2>\n\n\n\n<div style=\"height:30px\" aria-hidden=\"true\" class=\"wp-block-spacer\"><\/div>\n\n\n\n<p>El o\u00eddo y el cerebro trabajan en estrecha colaboraci\u00f3n. Cuando la <strong>audici\u00f3n<\/strong> falla, el cerebro tiene que esforzarse m\u00e1s para interpretar los sonidos, lo que puede provocar una <strong>sobrecarga cognitiva<\/strong> y afectar funciones esenciales como la memoria, la atenci\u00f3n o la comprensi\u00f3n del lenguaje.<\/p>\n\n\n\n<p>Adem\u00e1s, las dificultades para o\u00edr reducen la comunicaci\u00f3n y la vida social, lo que genera <strong>aislamiento, depresi\u00f3n y soledad<\/strong>, tres factores estrechamente relacionados con el desarrollo de <strong>demencia<\/strong>.<\/p>\n\n\n\n<p>&#8211; Los estudios indican que la hipoacusia puede acelerar el deterioro cognitivo hasta <strong>3,2 a\u00f1os antes<\/strong> que en personas con buena audici\u00f3n.<br>&#8211; El uso de <strong>aud\u00edfonos<\/strong> puede reducir el riesgo de demencia hasta en un <strong>8 %<\/strong>.<\/p>\n\n\n\n<div style=\"height:20px\" aria-hidden=\"true\" class=\"wp-block-spacer\"><\/div>\n\n\n\n<figure class=\"wp-block-image size-large\"><img loading=\"lazy\" decoding=\"async\" width=\"1024\" height=\"450\" src=\"https:\/\/audioson.es\/wp-content\/uploads\/2025\/11\/audifonos-son-salud-1024x450.jpg\" alt=\"\" class=\"wp-image-33750\" srcset=\"https:\/\/audioson.es\/wp-content\/uploads\/2025\/11\/audifonos-son-salud-1024x450.jpg 1024w, https:\/\/audioson.es\/wp-content\/uploads\/2025\/11\/audifonos-son-salud-300x132.jpg 300w, https:\/\/audioson.es\/wp-content\/uploads\/2025\/11\/audifonos-son-salud-768x337.jpg 768w, https:\/\/audioson.es\/wp-content\/uploads\/2025\/11\/audifonos-son-salud-1536x674.jpg 1536w, https:\/\/audioson.es\/wp-content\/uploads\/2025\/11\/audifonos-son-salud-683x300.jpg 683w, https:\/\/audioson.es\/wp-content\/uploads\/2025\/11\/audifonos-son-salud-1200x527.jpg 1200w, https:\/\/audioson.es\/wp-content\/uploads\/2025\/11\/audifonos-son-salud-270x119.jpg 270w, https:\/\/audioson.es\/wp-content\/uploads\/2025\/11\/audifonos-son-salud-600x263.jpg 600w, https:\/\/audioson.es\/wp-content\/uploads\/2025\/11\/audifonos-son-salud.jpg 1920w\" sizes=\"auto, (max-width: 1024px) 100vw, 1024px\" \/><\/figure>\n\n\n\n<div style=\"height:40px\" aria-hidden=\"true\" class=\"wp-block-spacer\"><\/div>\n\n\n\n<h2 class=\"wp-block-heading\"><strong>Lo que dice la ciencia: el cerebro se fortalece cuando escuchamos bien<\/strong><\/h2>\n\n\n\n<div style=\"height:30px\" aria-hidden=\"true\" class=\"wp-block-spacer\"><\/div>\n\n\n\n<p>La profesora <strong>Gill Livingston,<\/strong> experta en salud mental del <em>University College London<\/em>, explica que la <strong>audici\u00f3n estimula el cerebro<\/strong> como si fuera un m\u00fasculo. Cuando o\u00edmos y participamos en conversaciones, activamos zonas cerebrales responsables de la memoria, el lenguaje y la atenci\u00f3n.<\/p>\n\n\n\n<p>Sin embargo, cuando una persona no puede o\u00edr bien, su <strong>cerebro se encoge<\/strong>, especialmente en el l\u00f3bulo temporal, donde se almacena la memoria. En cambio, <strong>usar aud\u00edfonos<\/strong> ayuda a mantener el cerebro activo, resiliente y protegido frente al <strong>Alzheimer<\/strong> y otras formas de <strong>demencia<\/strong>.<\/p>\n\n\n\n<h2 class=\"wp-block-heading\"><strong>Romper el estigma: los aud\u00edfonos son salud<\/strong><\/h2>\n\n\n\n<div style=\"height:30px\" aria-hidden=\"true\" class=\"wp-block-spacer\"><\/div>\n\n\n\n<p>Durante a\u00f1os, muchas personas han evitado usar <strong><a href=\"https:\/\/audioson.es\/es\/blog-audioson\/soluciones-auditivas\/los-beneficios-de-llevar-audifonos-en-personas-mayores\/\" target=\"_blank\" rel=\"noreferrer noopener\">aud\u00edfonos<\/a><\/strong> por prejuicios o verg\u00fcenza. Pero hoy sabemos que estos dispositivos no solo mejoran la comunicaci\u00f3n, sino que tambi\u00e9n <strong>protegen la salud cerebral<\/strong> y favorecen las relaciones sociales.<\/p>\n\n\n\n<p>En palabras de Livingston, \u201ces cambiar los auriculares por los aud\u00edfonos: mientras los primeros te a\u00edslan, los segundos te reconectan con la vida\u201d.<\/p>\n\n\n\n<div style=\"height:20px\" aria-hidden=\"true\" class=\"wp-block-spacer\"><\/div>\n\n\n\n<figure class=\"wp-block-image size-large\"><img loading=\"lazy\" decoding=\"async\" width=\"1024\" height=\"533\" src=\"https:\/\/audioson.es\/wp-content\/uploads\/2025\/11\/cerebro-enforteze-escuchamos-bien-1024x533.jpg\" alt=\"\" class=\"wp-image-33753\" srcset=\"https:\/\/audioson.es\/wp-content\/uploads\/2025\/11\/cerebro-enforteze-escuchamos-bien-1024x533.jpg 1024w, https:\/\/audioson.es\/wp-content\/uploads\/2025\/11\/cerebro-enforteze-escuchamos-bien-300x156.jpg 300w, https:\/\/audioson.es\/wp-content\/uploads\/2025\/11\/cerebro-enforteze-escuchamos-bien-768x400.jpg 768w, https:\/\/audioson.es\/wp-content\/uploads\/2025\/11\/cerebro-enforteze-escuchamos-bien-1536x800.jpg 1536w, https:\/\/audioson.es\/wp-content\/uploads\/2025\/11\/cerebro-enforteze-escuchamos-bien-576x300.jpg 576w, https:\/\/audioson.es\/wp-content\/uploads\/2025\/11\/cerebro-enforteze-escuchamos-bien-1200x625.jpg 1200w, https:\/\/audioson.es\/wp-content\/uploads\/2025\/11\/cerebro-enforteze-escuchamos-bien-270x141.jpg 270w, https:\/\/audioson.es\/wp-content\/uploads\/2025\/11\/cerebro-enforteze-escuchamos-bien-600x312.jpg 600w, https:\/\/audioson.es\/wp-content\/uploads\/2025\/11\/cerebro-enforteze-escuchamos-bien.jpg 1919w\" sizes=\"auto, (max-width: 1024px) 100vw, 1024px\" \/><\/figure>\n\n\n\n<div style=\"height:40px\" aria-hidden=\"true\" class=\"wp-block-spacer\"><\/div>\n\n\n\n<h2 class=\"wp-block-heading\"><strong>Cuidar la audici\u00f3n es cuidar la mente<\/strong><\/h2>\n\n\n\n<div style=\"height:30px\" aria-hidden=\"true\" class=\"wp-block-spacer\"><\/div>\n\n\n\n<p>La <strong>Organizaci\u00f3n Mundial de la Salud (OMS)<\/strong> estima que para 2050 m\u00e1s de <strong>2.500 millones de personas<\/strong> vivir\u00e1n con alg\u00fan grado de p\u00e9rdida auditiva, y 700 millones necesitar\u00e1n ayudas auditivas o cirurgia. Detectar la <strong>hipoacusia<\/strong> a tiempo y tratarla adecuadamente es clave para frenar este impacto global.<\/p>\n\n\n\n<p>En <strong>Audioson<\/strong>, creemos que escuchar bien es una forma de cuidar tu mente. Una revisi\u00f3n auditiva a tiempo puede marcar la diferencia entre vivir desconectado o mantener una vida activa y plena.<\/p>\n\n\n\n<h2 class=\"wp-block-heading\"><strong>Recomendaci\u00f3n Audioson<\/strong><\/h2>\n\n\n\n<div style=\"height:30px\" aria-hidden=\"true\" class=\"wp-block-spacer\"><\/div>\n\n\n\n<p>Si notas que subes demasiado el volumen del televisor, te cuesta seguir conversaciones o sientes que los sonidos son menos claros, <strong>no esperes m\u00e1s<\/strong>.<br>Agenda una <strong>revisi\u00f3n auditiva gratuita<\/strong> en <strong>Audioson<\/strong> y descubre c\u00f3mo los <strong>aud\u00edfonos<\/strong> pueden ayudarte a mantener una buena <strong>audici\u00f3n<\/strong>, cuidar tu memoria y prevenir el <strong>Alzheimer<\/strong> y la <strong>demencia<\/strong>.<\/p>\n\n\n\n<h2 class=\"wp-block-heading\"><strong>Escuchar bien es vivir mejor. Tu salud auditiva tambi\u00e9n es salud mental.<\/strong><\/h2>\n\n\n\n<div style=\"height:30px\" aria-hidden=\"true\" class=\"wp-block-spacer\"><\/div>\n\n\n\n<figure class=\"wp-block-image size-large\"><img loading=\"lazy\" decoding=\"async\" width=\"1024\" height=\"676\" src=\"https:\/\/audioson.es\/wp-content\/uploads\/2025\/11\/escuchar-bien-es-vivir-mejor-1024x676.jpg\" alt=\"\" class=\"wp-image-33756\" srcset=\"https:\/\/audioson.es\/wp-content\/uploads\/2025\/11\/escuchar-bien-es-vivir-mejor-1024x676.jpg 1024w, https:\/\/audioson.es\/wp-content\/uploads\/2025\/11\/escuchar-bien-es-vivir-mejor-300x198.jpg 300w, https:\/\/audioson.es\/wp-content\/uploads\/2025\/11\/escuchar-bien-es-vivir-mejor-768x507.jpg 768w, https:\/\/audioson.es\/wp-content\/uploads\/2025\/11\/escuchar-bien-es-vivir-mejor-1536x1014.jpg 1536w, https:\/\/audioson.es\/wp-content\/uploads\/2025\/11\/escuchar-bien-es-vivir-mejor-454x300.jpg 454w, https:\/\/audioson.es\/wp-content\/uploads\/2025\/11\/escuchar-bien-es-vivir-mejor-1200x792.jpg 1200w, https:\/\/audioson.es\/wp-content\/uploads\/2025\/11\/escuchar-bien-es-vivir-mejor-270x178.jpg 270w, https:\/\/audioson.es\/wp-content\/uploads\/2025\/11\/escuchar-bien-es-vivir-mejor-600x396.jpg 600w, https:\/\/audioson.es\/wp-content\/uploads\/2025\/11\/escuchar-bien-es-vivir-mejor.jpg 1919w\" sizes=\"auto, (max-width: 1024px) 100vw, 1024px\" \/><\/figure>\n\n\n\n<div style=\"height:40px\" aria-hidden=\"true\" class=\"wp-block-spacer\"><\/div>\n\n\n\n<p><em>Fuentes informaci\u00f3n: <\/em><\/p>\n\n\n\n<p><em><a href=\"https:\/\/www.abc.es\/salud\/enfermedades\/gill-livingston-persona-puede-oir-oye-mal-20240218184139-nt.html?ref=https%3A%2F%2Fwww.abc.es%2Fsalud%2Fenfermedades%2Fgill-livingston-persona-puede-oir-oye-mal-20240218184139-nt.html\" target=\"_blank\" rel=\"noreferrer noopener\"><em>ABC SALUD. Entrevista a la Dra. Gill Livingston: \u00abCuando una persona no puede o\u00edr, u oye mal, su cerebro se encoge\u00bb<\/em><\/a><\/em><\/p>\n\n\n\n<p><em><a href=\"https:\/\/blog.fpmaragall.org\/hipoacusia\" target=\"_blank\" rel=\"noreferrer noopener\"><em>Blog Fundaci\u00f3 Pasqual Maragall. Hipoacusia.<\/em><\/a><\/em><\/p>\n\n\n\n<p><\/p>\n","protected":false},"excerpt":{"rendered":"<p>La p\u00e9rdida auditiva, un factor de riesgo para el cerebro La p\u00e9rdida auditiva o hipoacusia no solo afecta la forma en que escuchamos el mundo, sino tambi\u00e9n c\u00f3mo funciona nuestro cerebro. Cada vez m\u00e1s investigaciones confirman la relaci\u00f3n entre la audici\u00f3n y el deterioro cognitivo, incluido el Alzheimer. Diversos estudios muestran que las personas con [&hellip;]<\/p>\n","protected":false},"author":122,"featured_media":33783,"comment_status":"closed","ping_status":"closed","sticky":false,"template":"","format":"standard","meta":{"_acf_changed":false,"footnotes":""},"categories":[150,154],"tags":[],"class_list":["post-33749","post","type-post","status-publish","format-standard","has-post-thumbnail","hentry","category-oido","category-prevencion"],"acf":[],"yoast_head":"<!-- This site is optimized with the Yoast SEO plugin v26.9 - https:\/\/yoast.com\/product\/yoast-seo-wordpress\/ -->\n<title>P\u00e9rdida auditiva y Alzheimer: protege tu cerebro con Audioson<\/title>\n<meta name=\"description\" content=\"Cuidar tu audici\u00f3n previene Alzheimer y demencia. En Audioson, los aud\u00edfonos protegen tu mente y mejoran tu calidad de vida.\" \/>\n<meta name=\"robots\" content=\"index, follow, max-snippet:-1, max-image-preview:large, max-video-preview:-1\" \/>\n<link rel=\"canonical\" href=\"https:\/\/audioson.es\/es\/blog-audioson\/oido\/perdida-auditiva-y-alzheimer-protege-tu-cerebro-con-audioson\/\" \/>\n<meta property=\"og:locale\" content=\"es_ES\" \/>\n<meta property=\"og:type\" content=\"article\" \/>\n<meta property=\"og:title\" content=\"P\u00e9rdida auditiva y Alzheimer: protege tu cerebro con Audioson\" \/>\n<meta property=\"og:description\" content=\"Cuidar tu audici\u00f3n previene Alzheimer y demencia. En Audioson, los aud\u00edfonos protegen tu mente y mejoran tu calidad de vida.\" \/>\n<meta property=\"og:url\" content=\"https:\/\/audioson.es\/es\/blog-audioson\/oido\/perdida-auditiva-y-alzheimer-protege-tu-cerebro-con-audioson\/\" \/>\n<meta property=\"og:site_name\" content=\"Audioson\" \/>\n<meta property=\"article:published_time\" content=\"2025-11-05T10:42:10+00:00\" \/>\n<meta property=\"article:modified_time\" content=\"2025-11-05T10:42:11+00:00\" \/>\n<meta property=\"og:image\" content=\"https:\/\/audioson.es\/wp-content\/uploads\/2025\/11\/audiofons-prevencio-demencia-audioson.jpg\" \/>\n\t<meta property=\"og:image:width\" content=\"1920\" \/>\n\t<meta property=\"og:image:height\" content=\"1429\" \/>\n\t<meta property=\"og:image:type\" content=\"image\/jpeg\" \/>\n<meta name=\"author\" content=\"design\" \/>\n<meta name=\"twitter:card\" content=\"summary_large_image\" \/>\n<meta name=\"twitter:label1\" content=\"Escrito por\" \/>\n\t<meta name=\"twitter:data1\" content=\"design\" \/>\n\t<meta name=\"twitter:label2\" content=\"Tiempo de lectura\" \/>\n\t<meta name=\"twitter:data2\" content=\"4 minutos\" \/>\n<script type=\"application\/ld+json\" class=\"yoast-schema-graph\">{\"@context\":\"https:\/\/schema.org\",\"@graph\":[{\"@type\":\"Article\",\"@id\":\"https:\/\/audioson.es\/es\/blog-audioson\/oido\/perdida-auditiva-y-alzheimer-protege-tu-cerebro-con-audioson\/#article\",\"isPartOf\":{\"@id\":\"https:\/\/audioson.es\/es\/blog-audioson\/oido\/perdida-auditiva-y-alzheimer-protege-tu-cerebro-con-audioson\/\"},\"author\":{\"name\":\"design\",\"@id\":\"https:\/\/audioson.es\/es\/#\/schema\/person\/30894e1c414429314ad51c1d6e39ab88\"},\"headline\":\"P\u00e9rdida auditiva y Alzheimer: protege tu cerebro con Audioson\",\"datePublished\":\"2025-11-05T10:42:10+00:00\",\"dateModified\":\"2025-11-05T10:42:11+00:00\",\"mainEntityOfPage\":{\"@id\":\"https:\/\/audioson.es\/es\/blog-audioson\/oido\/perdida-auditiva-y-alzheimer-protege-tu-cerebro-con-audioson\/\"},\"wordCount\":612,\"publisher\":{\"@id\":\"https:\/\/audioson.es\/es\/#organization\"},\"image\":{\"@id\":\"https:\/\/audioson.es\/es\/blog-audioson\/oido\/perdida-auditiva-y-alzheimer-protege-tu-cerebro-con-audioson\/#primaryimage\"},\"thumbnailUrl\":\"https:\/\/audioson.es\/wp-content\/uploads\/2025\/11\/audiofons-prevencio-demencia-audioson.jpg\",\"articleSection\":[\"O\u00eddo\",\"Prevenci\u00f3n\"],\"inLanguage\":\"es\"},{\"@type\":\"WebPage\",\"@id\":\"https:\/\/audioson.es\/es\/blog-audioson\/oido\/perdida-auditiva-y-alzheimer-protege-tu-cerebro-con-audioson\/\",\"url\":\"https:\/\/audioson.es\/es\/blog-audioson\/oido\/perdida-auditiva-y-alzheimer-protege-tu-cerebro-con-audioson\/\",\"name\":\"P\u00e9rdida auditiva y Alzheimer: protege tu cerebro con Audioson\",\"isPartOf\":{\"@id\":\"https:\/\/audioson.es\/es\/#website\"},\"primaryImageOfPage\":{\"@id\":\"https:\/\/audioson.es\/es\/blog-audioson\/oido\/perdida-auditiva-y-alzheimer-protege-tu-cerebro-con-audioson\/#primaryimage\"},\"image\":{\"@id\":\"https:\/\/audioson.es\/es\/blog-audioson\/oido\/perdida-auditiva-y-alzheimer-protege-tu-cerebro-con-audioson\/#primaryimage\"},\"thumbnailUrl\":\"https:\/\/audioson.es\/wp-content\/uploads\/2025\/11\/audiofons-prevencio-demencia-audioson.jpg\",\"datePublished\":\"2025-11-05T10:42:10+00:00\",\"dateModified\":\"2025-11-05T10:42:11+00:00\",\"description\":\"Cuidar tu audici\u00f3n previene Alzheimer y demencia. En Audioson, los aud\u00edfonos protegen tu mente y mejoran tu calidad de vida.\",\"breadcrumb\":{\"@id\":\"https:\/\/audioson.es\/es\/blog-audioson\/oido\/perdida-auditiva-y-alzheimer-protege-tu-cerebro-con-audioson\/#breadcrumb\"},\"inLanguage\":\"es\",\"potentialAction\":[{\"@type\":\"ReadAction\",\"target\":[\"https:\/\/audioson.es\/es\/blog-audioson\/oido\/perdida-auditiva-y-alzheimer-protege-tu-cerebro-con-audioson\/\"]}]},{\"@type\":\"ImageObject\",\"inLanguage\":\"es\",\"@id\":\"https:\/\/audioson.es\/es\/blog-audioson\/oido\/perdida-auditiva-y-alzheimer-protege-tu-cerebro-con-audioson\/#primaryimage\",\"url\":\"https:\/\/audioson.es\/wp-content\/uploads\/2025\/11\/audiofons-prevencio-demencia-audioson.jpg\",\"contentUrl\":\"https:\/\/audioson.es\/wp-content\/uploads\/2025\/11\/audiofons-prevencio-demencia-audioson.jpg\",\"width\":1920,\"height\":1429,\"caption\":\"Pareja mayor usando aud\u00edfonos para prevenir la demencia o el Alzheimer\"},{\"@type\":\"BreadcrumbList\",\"@id\":\"https:\/\/audioson.es\/es\/blog-audioson\/oido\/perdida-auditiva-y-alzheimer-protege-tu-cerebro-con-audioson\/#breadcrumb\",\"itemListElement\":[{\"@type\":\"ListItem\",\"position\":1,\"name\":\"Inici\",\"item\":\"https:\/\/audioson.es\/es\/\"},{\"@type\":\"ListItem\",\"position\":2,\"name\":\"P\u00e9rdida auditiva y Alzheimer: protege tu cerebro con Audioson\"}]},{\"@type\":\"WebSite\",\"@id\":\"https:\/\/audioson.es\/es\/#website\",\"url\":\"https:\/\/audioson.es\/es\/\",\"name\":\"Audioson\",\"description\":\"Centres auditius\",\"publisher\":{\"@id\":\"https:\/\/audioson.es\/es\/#organization\"},\"potentialAction\":[{\"@type\":\"SearchAction\",\"target\":{\"@type\":\"EntryPoint\",\"urlTemplate\":\"https:\/\/audioson.es\/es\/?s={search_term_string}\"},\"query-input\":{\"@type\":\"PropertyValueSpecification\",\"valueRequired\":true,\"valueName\":\"search_term_string\"}}],\"inLanguage\":\"es\"},{\"@type\":\"Organization\",\"@id\":\"https:\/\/audioson.es\/es\/#organization\",\"name\":\"Audioson\",\"url\":\"https:\/\/audioson.es\/es\/\",\"logo\":{\"@type\":\"ImageObject\",\"inLanguage\":\"es\",\"@id\":\"https:\/\/audioson.es\/es\/#\/schema\/logo\/image\/\",\"url\":\"https:\/\/audioson.es\/wp-content\/uploads\/2018\/04\/logo_adaptatiu.png\",\"contentUrl\":\"https:\/\/audioson.es\/wp-content\/uploads\/2018\/04\/logo_adaptatiu.png\",\"width\":147,\"height\":37,\"caption\":\"Audioson\"},\"image\":{\"@id\":\"https:\/\/audioson.es\/es\/#\/schema\/logo\/image\/\"}},{\"@type\":\"Person\",\"@id\":\"https:\/\/audioson.es\/es\/#\/schema\/person\/30894e1c414429314ad51c1d6e39ab88\",\"name\":\"design\"}]}<\/script>\n<!-- \/ Yoast SEO plugin. -->","yoast_head_json":{"title":"P\u00e9rdida auditiva y Alzheimer: protege tu cerebro con Audioson","description":"Cuidar tu audici\u00f3n previene Alzheimer y demencia. En Audioson, los aud\u00edfonos protegen tu mente y mejoran tu calidad de vida.","robots":{"index":"index","follow":"follow","max-snippet":"max-snippet:-1","max-image-preview":"max-image-preview:large","max-video-preview":"max-video-preview:-1"},"canonical":"https:\/\/audioson.es\/es\/blog-audioson\/oido\/perdida-auditiva-y-alzheimer-protege-tu-cerebro-con-audioson\/","og_locale":"es_ES","og_type":"article","og_title":"P\u00e9rdida auditiva y Alzheimer: protege tu cerebro con Audioson","og_description":"Cuidar tu audici\u00f3n previene Alzheimer y demencia. En Audioson, los aud\u00edfonos protegen tu mente y mejoran tu calidad de vida.","og_url":"https:\/\/audioson.es\/es\/blog-audioson\/oido\/perdida-auditiva-y-alzheimer-protege-tu-cerebro-con-audioson\/","og_site_name":"Audioson","article_published_time":"2025-11-05T10:42:10+00:00","article_modified_time":"2025-11-05T10:42:11+00:00","og_image":[{"width":1920,"height":1429,"url":"https:\/\/audioson.es\/wp-content\/uploads\/2025\/11\/audiofons-prevencio-demencia-audioson.jpg","type":"image\/jpeg"}],"author":"design","twitter_card":"summary_large_image","twitter_misc":{"Escrito por":"design","Tiempo de lectura":"4 minutos"},"schema":{"@context":"https:\/\/schema.org","@graph":[{"@type":"Article","@id":"https:\/\/audioson.es\/es\/blog-audioson\/oido\/perdida-auditiva-y-alzheimer-protege-tu-cerebro-con-audioson\/#article","isPartOf":{"@id":"https:\/\/audioson.es\/es\/blog-audioson\/oido\/perdida-auditiva-y-alzheimer-protege-tu-cerebro-con-audioson\/"},"author":{"name":"design","@id":"https:\/\/audioson.es\/es\/#\/schema\/person\/30894e1c414429314ad51c1d6e39ab88"},"headline":"P\u00e9rdida auditiva y Alzheimer: protege tu cerebro con Audioson","datePublished":"2025-11-05T10:42:10+00:00","dateModified":"2025-11-05T10:42:11+00:00","mainEntityOfPage":{"@id":"https:\/\/audioson.es\/es\/blog-audioson\/oido\/perdida-auditiva-y-alzheimer-protege-tu-cerebro-con-audioson\/"},"wordCount":612,"publisher":{"@id":"https:\/\/audioson.es\/es\/#organization"},"image":{"@id":"https:\/\/audioson.es\/es\/blog-audioson\/oido\/perdida-auditiva-y-alzheimer-protege-tu-cerebro-con-audioson\/#primaryimage"},"thumbnailUrl":"https:\/\/audioson.es\/wp-content\/uploads\/2025\/11\/audiofons-prevencio-demencia-audioson.jpg","articleSection":["O\u00eddo","Prevenci\u00f3n"],"inLanguage":"es"},{"@type":"WebPage","@id":"https:\/\/audioson.es\/es\/blog-audioson\/oido\/perdida-auditiva-y-alzheimer-protege-tu-cerebro-con-audioson\/","url":"https:\/\/audioson.es\/es\/blog-audioson\/oido\/perdida-auditiva-y-alzheimer-protege-tu-cerebro-con-audioson\/","name":"P\u00e9rdida auditiva y Alzheimer: protege tu cerebro con Audioson","isPartOf":{"@id":"https:\/\/audioson.es\/es\/#website"},"primaryImageOfPage":{"@id":"https:\/\/audioson.es\/es\/blog-audioson\/oido\/perdida-auditiva-y-alzheimer-protege-tu-cerebro-con-audioson\/#primaryimage"},"image":{"@id":"https:\/\/audioson.es\/es\/blog-audioson\/oido\/perdida-auditiva-y-alzheimer-protege-tu-cerebro-con-audioson\/#primaryimage"},"thumbnailUrl":"https:\/\/audioson.es\/wp-content\/uploads\/2025\/11\/audiofons-prevencio-demencia-audioson.jpg","datePublished":"2025-11-05T10:42:10+00:00","dateModified":"2025-11-05T10:42:11+00:00","description":"Cuidar tu audici\u00f3n previene Alzheimer y demencia. En Audioson, los aud\u00edfonos protegen tu mente y mejoran tu calidad de vida.","breadcrumb":{"@id":"https:\/\/audioson.es\/es\/blog-audioson\/oido\/perdida-auditiva-y-alzheimer-protege-tu-cerebro-con-audioson\/#breadcrumb"},"inLanguage":"es","potentialAction":[{"@type":"ReadAction","target":["https:\/\/audioson.es\/es\/blog-audioson\/oido\/perdida-auditiva-y-alzheimer-protege-tu-cerebro-con-audioson\/"]}]},{"@type":"ImageObject","inLanguage":"es","@id":"https:\/\/audioson.es\/es\/blog-audioson\/oido\/perdida-auditiva-y-alzheimer-protege-tu-cerebro-con-audioson\/#primaryimage","url":"https:\/\/audioson.es\/wp-content\/uploads\/2025\/11\/audiofons-prevencio-demencia-audioson.jpg","contentUrl":"https:\/\/audioson.es\/wp-content\/uploads\/2025\/11\/audiofons-prevencio-demencia-audioson.jpg","width":1920,"height":1429,"caption":"Pareja mayor usando aud\u00edfonos para prevenir la demencia o el Alzheimer"},{"@type":"BreadcrumbList","@id":"https:\/\/audioson.es\/es\/blog-audioson\/oido\/perdida-auditiva-y-alzheimer-protege-tu-cerebro-con-audioson\/#breadcrumb","itemListElement":[{"@type":"ListItem","position":1,"name":"Inici","item":"https:\/\/audioson.es\/es\/"},{"@type":"ListItem","position":2,"name":"P\u00e9rdida auditiva y Alzheimer: protege tu cerebro con Audioson"}]},{"@type":"WebSite","@id":"https:\/\/audioson.es\/es\/#website","url":"https:\/\/audioson.es\/es\/","name":"Audioson","description":"Centres auditius","publisher":{"@id":"https:\/\/audioson.es\/es\/#organization"},"potentialAction":[{"@type":"SearchAction","target":{"@type":"EntryPoint","urlTemplate":"https:\/\/audioson.es\/es\/?s={search_term_string}"},"query-input":{"@type":"PropertyValueSpecification","valueRequired":true,"valueName":"search_term_string"}}],"inLanguage":"es"},{"@type":"Organization","@id":"https:\/\/audioson.es\/es\/#organization","name":"Audioson","url":"https:\/\/audioson.es\/es\/","logo":{"@type":"ImageObject","inLanguage":"es","@id":"https:\/\/audioson.es\/es\/#\/schema\/logo\/image\/","url":"https:\/\/audioson.es\/wp-content\/uploads\/2018\/04\/logo_adaptatiu.png","contentUrl":"https:\/\/audioson.es\/wp-content\/uploads\/2018\/04\/logo_adaptatiu.png","width":147,"height":37,"caption":"Audioson"},"image":{"@id":"https:\/\/audioson.es\/es\/#\/schema\/logo\/image\/"}},{"@type":"Person","@id":"https:\/\/audioson.es\/es\/#\/schema\/person\/30894e1c414429314ad51c1d6e39ab88","name":"design"}]}},"_links":{"self":[{"href":"https:\/\/audioson.es\/es\/wp-json\/wp\/v2\/posts\/33749","targetHints":{"allow":["GET"]}}],"collection":[{"href":"https:\/\/audioson.es\/es\/wp-json\/wp\/v2\/posts"}],"about":[{"href":"https:\/\/audioson.es\/es\/wp-json\/wp\/v2\/types\/post"}],"author":[{"embeddable":true,"href":"https:\/\/audioson.es\/es\/wp-json\/wp\/v2\/users\/122"}],"replies":[{"embeddable":true,"href":"https:\/\/audioson.es\/es\/wp-json\/wp\/v2\/comments?post=33749"}],"version-history":[{"count":5,"href":"https:\/\/audioson.es\/es\/wp-json\/wp\/v2\/posts\/33749\/revisions"}],"predecessor-version":[{"id":33804,"href":"https:\/\/audioson.es\/es\/wp-json\/wp\/v2\/posts\/33749\/revisions\/33804"}],"wp:featuredmedia":[{"embeddable":true,"href":"https:\/\/audioson.es\/es\/wp-json\/wp\/v2\/media\/33783"}],"wp:attachment":[{"href":"https:\/\/audioson.es\/es\/wp-json\/wp\/v2\/media?parent=33749"}],"wp:term":[{"taxonomy":"category","embeddable":true,"href":"https:\/\/audioson.es\/es\/wp-json\/wp\/v2\/categories?post=33749"},{"taxonomy":"post_tag","embeddable":true,"href":"https:\/\/audioson.es\/es\/wp-json\/wp\/v2\/tags?post=33749"}],"curies":[{"name":"wp","href":"https:\/\/api.w.org\/{rel}","templated":true}]}}