{"id":3786,"date":"2020-01-27T17:54:37","date_gmt":"2020-01-27T15:54:37","guid":{"rendered":"https:\/\/audioson.es\/?p=3786"},"modified":"2023-08-31T13:33:13","modified_gmt":"2023-08-31T11:33:13","slug":"personas-con-mas-riesgo-de-padecer-perdida-auditiva","status":"publish","type":"post","link":"https:\/\/audioson.es\/es\/blog-audioson\/prevencion\/personas-con-mas-riesgo-de-padecer-perdida-auditiva\/","title":{"rendered":"Personas con m\u00e1s riesgo de padecer p\u00e9rdida auditiva."},"content":{"rendered":"<p>Hay grupos de\u00a0<strong>personas con m\u00e1s riesgo de padecer p\u00e9rdida auditiva\u00a0<\/strong>que otros. Esto es as\u00ed porque no todos nos exponemos a los mismos ruidos ni a los mismos factores de riesgo. Hay factores de nuestro entorno que nos pueden afectar m\u00e1s a nuestra audici\u00f3n que otros.<\/p>\n<p>Todo esto provoca que haya\u00a0<strong>personas con m\u00e1s riesgo de padecer <span style=\"color: #0093b4;\"><a style=\"color: #0093b4;\" href=\"https:\/\/audioson.es\/es\/blog-audioson\/prevencion\/como-tratar-la-perdida-auditvia-gradual-de-un-familiar\/\">p\u00e9rdida auditiva gradual<\/a><\/span>\u00a0<\/strong>que otros. Estos colectivos tienen que tener m\u00e1s prudencia y prevenci\u00f3n a la hora de <span style=\"color: #0093b4;\"><a style=\"color: #0093b4;\" href=\"https:\/\/audioson.es\/es\/blog-audioson\/prevencion\/5-consejos-para-tu-salud-auditiva\/\">cuidar su audici\u00f3n<\/a><\/span>. Esto los ayudar\u00e1 a minimizar este riesgo.<\/p>\n<p style=\"text-align: center;\"><a href=\"https:\/\/audioson.es\/es\/blog-audioson\/oido\/primeros-sintomas-de-la-sordera\/\"><img loading=\"lazy\" decoding=\"async\" class=\"alignnone wp-image-3664\" src=\"https:\/\/audioson.es\/wp-content\/uploads\/2019\/09\/los-primeros-sintomas-de-la-sordera-audioson-girona.png\" alt=\"\" width=\"500\" height=\"190\" srcset=\"https:\/\/audioson.es\/wp-content\/uploads\/2019\/09\/los-primeros-sintomas-de-la-sordera-audioson-girona.png 820w, https:\/\/audioson.es\/wp-content\/uploads\/2019\/09\/los-primeros-sintomas-de-la-sordera-audioson-girona-600x228.png 600w\" sizes=\"auto, (max-width: 500px) 100vw, 500px\" \/><\/a><\/p>\n<p>Desde <span style=\"color: #0093b4;\"><a style=\"color: #0093b4;\" href=\"https:\/\/audioson.es\/es\/\">Audioson<\/a><\/span> hemos elaborado una lista con las\u00a0<strong>personas con m\u00e1s riesgo de padecer p\u00e9rdida auditiva.\u00a0<\/strong>Si formas parte de uno de estos grupos es importante que vigiles tu audici\u00f3n.<\/p>\n<h2>Grupos de personas con m\u00e1s riesgo de padecer p\u00e9rdida auditiva.<\/h2>\n<h3 style=\"padding-left: 60px;\">&#8211; Personas mayores de 65 a\u00f1os.<\/h3>\n<p>Las personas mayores de 65 a\u00f1os son <span style=\"color: #0093b4;\"><a style=\"color: #0093b4;\" href=\"https:\/\/audioson.es\/es\/blog-audioson\/prevencion\/riesgos-de-la-perdida-auditiva-en-la-gente-mayor\/\">el principal grupo de riesgo de padecer p\u00e9rdida auditiva<\/a><\/span>. Con la entrada a la tercera edad es normal que muchas personas empiezan a notar el desgaste de la audici\u00f3n. Igual que otras partes del cuerpo, por ejemplo los huesos, el o\u00eddo nota el paso del tiempo. Se trata de un desgaste natural y progresivo causado por la edad.<\/p>\n<p style=\"text-align: center;\"><strong><i>\u2192 Si quieres saber m\u00e1s: <span style=\"color: #0093b4;\"><a style=\"color: #0093b4;\" href=\"https:\/\/audioson.es\/es\/oida\/perque-perdem-audicio\/\">\u00bfPor qu\u00e9 perdemos audici\u00f3n?<\/a><\/span>\u00a0<\/i><\/strong><i>\u2190<\/i><\/p>\n<p>Este desgaste de la audici\u00f3n, conocido como <strong><span style=\"color: #0093b4;\"><a style=\"color: #0093b4;\" href=\"https:\/\/audioson.es\/es\/blog-audioson\/prevencion\/perdida-auditiva-en-la-gente-mayor\/\">presbiac\u00fasia o p\u00e9rdida auditiva gradual<\/a><\/span><\/strong>, afecta casi un 50% de la poblaci\u00f3n mayor de 65 a\u00f1os.<\/p>\n<p>A partir de los 80 a\u00f1os, el riesgo de padecer p\u00e9rdida auditiva se multiplica.<\/p>\n<h3 style=\"padding-left: 60px;\">&#8211; Personas que trabajan en el sector industrial.<\/h3>\n<p>Muchos trabajadores que se dedican a los sectores industriales se ven rodeados cada d\u00eda de ruidos fuertes y estridentes. Las grandes maquinarias industriales son muy ruidosas. Pero tambi\u00e9n herramientas como sierras y taladros perjudican la audici\u00f3n de quien las utiliza constantemente.<\/p>\n<p>Estos ruidos tan fuertes durante las jornadas laborales y cada d\u00eda provocan que los trabajadores del sector industrial tengan un riesgo muy alto de padecer p\u00e9rdida auditiva al cabo de un tiempo de trabajar.<\/p>\n<p>Los sectores m\u00e1s afectados son: la construcci\u00f3n, las industrias con grandes maquinas como la industria sider\u00fargica. Tambi\u00e9n mataderos, la industria de la madera y los mec\u00e1nicos de grandes motores como por ejemplo barcos y aviones.<\/p>\n<h3 style=\"padding-left: 60px;\">&#8211; Personas que trabajan en el sector musical.<\/h3>\n<p>Otro de los colectivos que se expone m\u00e1s a padecer p\u00e9rdida auditiva son las personas que trabajan en el mundo de la m\u00fasica. Trabajadores como t\u00e9cnicos de sonido, empleados de discotecas y bares musicales s\u00f3n los que tienen m\u00e1s riesgo.<\/p>\n<h2>C\u00f3mo prevenir el riesgo de padecer p\u00e9rdida auditiva.<\/h2>\n<p>Si formas parte de una de las\u00a0<strong>personas con riesgo de padecer p\u00e9rdida auditiva,\u00a0<\/strong>puedes aplicar medidas para minimizar este riesgo. En primer lugar intenta protegerte de los sonidos m\u00e1s fuertes- Una de las recomendaciones para los trabajadores industriales y los m\u00fasicos es protegerse los o\u00eddos con <span style=\"color: #0093b4;\"><a style=\"color: #0093b4;\" href=\"https:\/\/audioson.es\/es\/soluciones-auditivas\/tapones-de-proteccion\/\">tapones de audici\u00f3n adaptados y profesionales.<\/a><\/span><\/p>\n<h4 style=\"text-align: center;\">Por otro lado, los profesionales de la audici\u00f3n recomiendan hacerse <span style=\"color: #0093b4;\"><a style=\"color: #0093b4;\" href=\"https:\/\/audioson.es\/es\/test-auditivo-online\/\"><strong>revisiones auditivas peri\u00f3dicas<\/strong><\/a><\/span><span style=\"font-size: revert; color: initial;\"> y anuales para controlar tu nivel auditivo. En los <\/span><span style=\"color: #0093b4;\"><a style=\"color: #0093b4;\" href=\"https:\/\/audioson.es\/es\/contacta\/\" target=\"_blank\" rel=\"noopener\">centros auditivos Audioson<\/a><\/span><span style=\"font-size: revert; color: initial;\">\u00a0 podr\u00e1s hacerte una revisi\u00f3n auditiva. Te la har\u00e1n nuestros audi\u00f3logos, m\u00e9dicos especialistas en la audici\u00f3n.<\/span><\/h4>\n<h4 style=\"text-align: center;\"><\/h4>\n<p style=\"text-align: center;\">\n","protected":false},"excerpt":{"rendered":"<p>Hay grupos de\u00a0personas con m\u00e1s riesgo de padecer p\u00e9rdida auditiva\u00a0que otros. Esto es as\u00ed porque no todos nos exponemos a los mismos ruidos ni a los mismos factores de riesgo. Hay factores de nuestro entorno que nos pueden afectar m\u00e1s a nuestra audici\u00f3n que otros. Todo esto provoca que haya\u00a0personas con m\u00e1s riesgo de padecer [&hellip;]<\/p>\n","protected":false},"author":6,"featured_media":121,"comment_status":"open","ping_status":"closed","sticky":false,"template":"","format":"standard","meta":{"_acf_changed":false,"footnotes":""},"categories":[154],"tags":[],"class_list":["post-3786","post","type-post","status-publish","format-standard","has-post-thumbnail","hentry","category-prevencion"],"acf":[],"yoast_head":"<!-- This site is optimized with the Yoast SEO plugin v26.9 - https:\/\/yoast.com\/product\/yoast-seo-wordpress\/ -->\n<title>Personas con m\u00e1s riesgo de padecer p\u00e9rdida auditiva. - Audioson | Centro auditivo Girona<\/title>\n<meta name=\"description\" content=\"Hay personas con m\u00e1s riesgo de padecer p\u00e9rdida auditiva que otras. Son grupos que se exponen a m\u00e1s factores de riesgo. La gente mayor y tambi\u00e9n los trabajadores\" \/>\n<meta name=\"robots\" content=\"index, follow, max-snippet:-1, max-image-preview:large, max-video-preview:-1\" \/>\n<link rel=\"canonical\" href=\"https:\/\/audioson.es\/es\/blog-audioson\/prevencion\/personas-con-mas-riesgo-de-padecer-perdida-auditiva\/\" \/>\n<meta property=\"og:locale\" content=\"es_ES\" \/>\n<meta property=\"og:type\" content=\"article\" \/>\n<meta property=\"og:title\" content=\"Personas con m\u00e1s riesgo de padecer p\u00e9rdida auditiva. - Audioson | Centro auditivo Girona\" \/>\n<meta property=\"og:description\" content=\"Hay personas con m\u00e1s riesgo de padecer p\u00e9rdida auditiva que otras. Son grupos que se exponen a m\u00e1s factores de riesgo. La gente mayor y tambi\u00e9n los trabajadores\" \/>\n<meta property=\"og:url\" content=\"https:\/\/audioson.es\/es\/blog-audioson\/prevencion\/personas-con-mas-riesgo-de-padecer-perdida-auditiva\/\" \/>\n<meta property=\"og:site_name\" content=\"Audioson\" \/>\n<meta property=\"article:published_time\" content=\"2020-01-27T15:54:37+00:00\" \/>\n<meta property=\"article:modified_time\" content=\"2023-08-31T11:33:13+00:00\" \/>\n<meta property=\"og:image\" content=\"https:\/\/audioson.es\/wp-content\/uploads\/2017\/11\/avantatges_967x440.png\" \/>\n\t<meta property=\"og:image:width\" content=\"967\" \/>\n\t<meta property=\"og:image:height\" content=\"440\" \/>\n\t<meta property=\"og:image:type\" content=\"image\/png\" \/>\n<meta name=\"author\" content=\"Audioson\" \/>\n<meta name=\"twitter:card\" content=\"summary_large_image\" \/>\n<meta name=\"twitter:label1\" content=\"Escrito por\" \/>\n\t<meta name=\"twitter:data1\" content=\"Audioson\" \/>\n\t<meta name=\"twitter:label2\" content=\"Tiempo de lectura\" \/>\n\t<meta name=\"twitter:data2\" content=\"3 minutos\" \/>\n<script type=\"application\/ld+json\" class=\"yoast-schema-graph\">{\"@context\":\"https:\/\/schema.org\",\"@graph\":[{\"@type\":\"Article\",\"@id\":\"https:\/\/audioson.es\/es\/blog-audioson\/prevencion\/personas-con-mas-riesgo-de-padecer-perdida-auditiva\/#article\",\"isPartOf\":{\"@id\":\"https:\/\/audioson.es\/es\/blog-audioson\/prevencion\/personas-con-mas-riesgo-de-padecer-perdida-auditiva\/\"},\"author\":{\"name\":\"Audioson\",\"@id\":\"https:\/\/audioson.es\/es\/#\/schema\/person\/a4d6e7bd136a988e90a76d7291c3a0bf\"},\"headline\":\"Personas con m\u00e1s riesgo de padecer p\u00e9rdida auditiva.\",\"datePublished\":\"2020-01-27T15:54:37+00:00\",\"dateModified\":\"2023-08-31T11:33:13+00:00\",\"mainEntityOfPage\":{\"@id\":\"https:\/\/audioson.es\/es\/blog-audioson\/prevencion\/personas-con-mas-riesgo-de-padecer-perdida-auditiva\/\"},\"wordCount\":573,\"commentCount\":0,\"publisher\":{\"@id\":\"https:\/\/audioson.es\/es\/#organization\"},\"image\":{\"@id\":\"https:\/\/audioson.es\/es\/blog-audioson\/prevencion\/personas-con-mas-riesgo-de-padecer-perdida-auditiva\/#primaryimage\"},\"thumbnailUrl\":\"https:\/\/audioson.es\/wp-content\/uploads\/2017\/11\/avantatges_967x440.png\",\"articleSection\":[\"Prevenci\u00f3n\"],\"inLanguage\":\"es\",\"potentialAction\":[{\"@type\":\"CommentAction\",\"name\":\"Comment\",\"target\":[\"https:\/\/audioson.es\/es\/blog-audioson\/prevencion\/personas-con-mas-riesgo-de-padecer-perdida-auditiva\/#respond\"]}]},{\"@type\":\"WebPage\",\"@id\":\"https:\/\/audioson.es\/es\/blog-audioson\/prevencion\/personas-con-mas-riesgo-de-padecer-perdida-auditiva\/\",\"url\":\"https:\/\/audioson.es\/es\/blog-audioson\/prevencion\/personas-con-mas-riesgo-de-padecer-perdida-auditiva\/\",\"name\":\"Personas con m\u00e1s riesgo de padecer p\u00e9rdida auditiva. - Audioson | Centro auditivo Girona\",\"isPartOf\":{\"@id\":\"https:\/\/audioson.es\/es\/#website\"},\"primaryImageOfPage\":{\"@id\":\"https:\/\/audioson.es\/es\/blog-audioson\/prevencion\/personas-con-mas-riesgo-de-padecer-perdida-auditiva\/#primaryimage\"},\"image\":{\"@id\":\"https:\/\/audioson.es\/es\/blog-audioson\/prevencion\/personas-con-mas-riesgo-de-padecer-perdida-auditiva\/#primaryimage\"},\"thumbnailUrl\":\"https:\/\/audioson.es\/wp-content\/uploads\/2017\/11\/avantatges_967x440.png\",\"datePublished\":\"2020-01-27T15:54:37+00:00\",\"dateModified\":\"2023-08-31T11:33:13+00:00\",\"description\":\"Hay personas con m\u00e1s riesgo de padecer p\u00e9rdida auditiva que otras. Son grupos que se exponen a m\u00e1s factores de riesgo. La gente mayor y tambi\u00e9n los trabajadores\",\"breadcrumb\":{\"@id\":\"https:\/\/audioson.es\/es\/blog-audioson\/prevencion\/personas-con-mas-riesgo-de-padecer-perdida-auditiva\/#breadcrumb\"},\"inLanguage\":\"es\",\"potentialAction\":[{\"@type\":\"ReadAction\",\"target\":[\"https:\/\/audioson.es\/es\/blog-audioson\/prevencion\/personas-con-mas-riesgo-de-padecer-perdida-auditiva\/\"]}]},{\"@type\":\"ImageObject\",\"inLanguage\":\"es\",\"@id\":\"https:\/\/audioson.es\/es\/blog-audioson\/prevencion\/personas-con-mas-riesgo-de-padecer-perdida-auditiva\/#primaryimage\",\"url\":\"https:\/\/audioson.es\/wp-content\/uploads\/2017\/11\/avantatges_967x440.png\",\"contentUrl\":\"https:\/\/audioson.es\/wp-content\/uploads\/2017\/11\/avantatges_967x440.png\",\"width\":967,\"height\":440},{\"@type\":\"BreadcrumbList\",\"@id\":\"https:\/\/audioson.es\/es\/blog-audioson\/prevencion\/personas-con-mas-riesgo-de-padecer-perdida-auditiva\/#breadcrumb\",\"itemListElement\":[{\"@type\":\"ListItem\",\"position\":1,\"name\":\"Inici\",\"item\":\"https:\/\/audioson.es\/es\/\"},{\"@type\":\"ListItem\",\"position\":2,\"name\":\"Personas con m\u00e1s riesgo de padecer p\u00e9rdida auditiva.\"}]},{\"@type\":\"WebSite\",\"@id\":\"https:\/\/audioson.es\/es\/#website\",\"url\":\"https:\/\/audioson.es\/es\/\",\"name\":\"Audioson\",\"description\":\"Centres auditius\",\"publisher\":{\"@id\":\"https:\/\/audioson.es\/es\/#organization\"},\"potentialAction\":[{\"@type\":\"SearchAction\",\"target\":{\"@type\":\"EntryPoint\",\"urlTemplate\":\"https:\/\/audioson.es\/es\/?s={search_term_string}\"},\"query-input\":{\"@type\":\"PropertyValueSpecification\",\"valueRequired\":true,\"valueName\":\"search_term_string\"}}],\"inLanguage\":\"es\"},{\"@type\":\"Organization\",\"@id\":\"https:\/\/audioson.es\/es\/#organization\",\"name\":\"Audioson\",\"url\":\"https:\/\/audioson.es\/es\/\",\"logo\":{\"@type\":\"ImageObject\",\"inLanguage\":\"es\",\"@id\":\"https:\/\/audioson.es\/es\/#\/schema\/logo\/image\/\",\"url\":\"https:\/\/audioson.es\/wp-content\/uploads\/2018\/04\/logo_adaptatiu.png\",\"contentUrl\":\"https:\/\/audioson.es\/wp-content\/uploads\/2018\/04\/logo_adaptatiu.png\",\"width\":147,\"height\":37,\"caption\":\"Audioson\"},\"image\":{\"@id\":\"https:\/\/audioson.es\/es\/#\/schema\/logo\/image\/\"}},{\"@type\":\"Person\",\"@id\":\"https:\/\/audioson.es\/es\/#\/schema\/person\/a4d6e7bd136a988e90a76d7291c3a0bf\",\"name\":\"Audioson\",\"sameAs\":[\"https:\/\/audioson.es\"]}]}<\/script>\n<!-- \/ Yoast SEO plugin. -->","yoast_head_json":{"title":"Personas con m\u00e1s riesgo de padecer p\u00e9rdida auditiva. - Audioson | Centro auditivo Girona","description":"Hay personas con m\u00e1s riesgo de padecer p\u00e9rdida auditiva que otras. Son grupos que se exponen a m\u00e1s factores de riesgo. La gente mayor y tambi\u00e9n los trabajadores","robots":{"index":"index","follow":"follow","max-snippet":"max-snippet:-1","max-image-preview":"max-image-preview:large","max-video-preview":"max-video-preview:-1"},"canonical":"https:\/\/audioson.es\/es\/blog-audioson\/prevencion\/personas-con-mas-riesgo-de-padecer-perdida-auditiva\/","og_locale":"es_ES","og_type":"article","og_title":"Personas con m\u00e1s riesgo de padecer p\u00e9rdida auditiva. - Audioson | Centro auditivo Girona","og_description":"Hay personas con m\u00e1s riesgo de padecer p\u00e9rdida auditiva que otras. Son grupos que se exponen a m\u00e1s factores de riesgo. La gente mayor y tambi\u00e9n los trabajadores","og_url":"https:\/\/audioson.es\/es\/blog-audioson\/prevencion\/personas-con-mas-riesgo-de-padecer-perdida-auditiva\/","og_site_name":"Audioson","article_published_time":"2020-01-27T15:54:37+00:00","article_modified_time":"2023-08-31T11:33:13+00:00","og_image":[{"width":967,"height":440,"url":"https:\/\/audioson.es\/wp-content\/uploads\/2017\/11\/avantatges_967x440.png","type":"image\/png"}],"author":"Audioson","twitter_card":"summary_large_image","twitter_misc":{"Escrito por":"Audioson","Tiempo de lectura":"3 minutos"},"schema":{"@context":"https:\/\/schema.org","@graph":[{"@type":"Article","@id":"https:\/\/audioson.es\/es\/blog-audioson\/prevencion\/personas-con-mas-riesgo-de-padecer-perdida-auditiva\/#article","isPartOf":{"@id":"https:\/\/audioson.es\/es\/blog-audioson\/prevencion\/personas-con-mas-riesgo-de-padecer-perdida-auditiva\/"},"author":{"name":"Audioson","@id":"https:\/\/audioson.es\/es\/#\/schema\/person\/a4d6e7bd136a988e90a76d7291c3a0bf"},"headline":"Personas con m\u00e1s riesgo de padecer p\u00e9rdida auditiva.","datePublished":"2020-01-27T15:54:37+00:00","dateModified":"2023-08-31T11:33:13+00:00","mainEntityOfPage":{"@id":"https:\/\/audioson.es\/es\/blog-audioson\/prevencion\/personas-con-mas-riesgo-de-padecer-perdida-auditiva\/"},"wordCount":573,"commentCount":0,"publisher":{"@id":"https:\/\/audioson.es\/es\/#organization"},"image":{"@id":"https:\/\/audioson.es\/es\/blog-audioson\/prevencion\/personas-con-mas-riesgo-de-padecer-perdida-auditiva\/#primaryimage"},"thumbnailUrl":"https:\/\/audioson.es\/wp-content\/uploads\/2017\/11\/avantatges_967x440.png","articleSection":["Prevenci\u00f3n"],"inLanguage":"es","potentialAction":[{"@type":"CommentAction","name":"Comment","target":["https:\/\/audioson.es\/es\/blog-audioson\/prevencion\/personas-con-mas-riesgo-de-padecer-perdida-auditiva\/#respond"]}]},{"@type":"WebPage","@id":"https:\/\/audioson.es\/es\/blog-audioson\/prevencion\/personas-con-mas-riesgo-de-padecer-perdida-auditiva\/","url":"https:\/\/audioson.es\/es\/blog-audioson\/prevencion\/personas-con-mas-riesgo-de-padecer-perdida-auditiva\/","name":"Personas con m\u00e1s riesgo de padecer p\u00e9rdida auditiva. - Audioson | Centro auditivo Girona","isPartOf":{"@id":"https:\/\/audioson.es\/es\/#website"},"primaryImageOfPage":{"@id":"https:\/\/audioson.es\/es\/blog-audioson\/prevencion\/personas-con-mas-riesgo-de-padecer-perdida-auditiva\/#primaryimage"},"image":{"@id":"https:\/\/audioson.es\/es\/blog-audioson\/prevencion\/personas-con-mas-riesgo-de-padecer-perdida-auditiva\/#primaryimage"},"thumbnailUrl":"https:\/\/audioson.es\/wp-content\/uploads\/2017\/11\/avantatges_967x440.png","datePublished":"2020-01-27T15:54:37+00:00","dateModified":"2023-08-31T11:33:13+00:00","description":"Hay personas con m\u00e1s riesgo de padecer p\u00e9rdida auditiva que otras. Son grupos que se exponen a m\u00e1s factores de riesgo. La gente mayor y tambi\u00e9n los trabajadores","breadcrumb":{"@id":"https:\/\/audioson.es\/es\/blog-audioson\/prevencion\/personas-con-mas-riesgo-de-padecer-perdida-auditiva\/#breadcrumb"},"inLanguage":"es","potentialAction":[{"@type":"ReadAction","target":["https:\/\/audioson.es\/es\/blog-audioson\/prevencion\/personas-con-mas-riesgo-de-padecer-perdida-auditiva\/"]}]},{"@type":"ImageObject","inLanguage":"es","@id":"https:\/\/audioson.es\/es\/blog-audioson\/prevencion\/personas-con-mas-riesgo-de-padecer-perdida-auditiva\/#primaryimage","url":"https:\/\/audioson.es\/wp-content\/uploads\/2017\/11\/avantatges_967x440.png","contentUrl":"https:\/\/audioson.es\/wp-content\/uploads\/2017\/11\/avantatges_967x440.png","width":967,"height":440},{"@type":"BreadcrumbList","@id":"https:\/\/audioson.es\/es\/blog-audioson\/prevencion\/personas-con-mas-riesgo-de-padecer-perdida-auditiva\/#breadcrumb","itemListElement":[{"@type":"ListItem","position":1,"name":"Inici","item":"https:\/\/audioson.es\/es\/"},{"@type":"ListItem","position":2,"name":"Personas con m\u00e1s riesgo de padecer p\u00e9rdida auditiva."}]},{"@type":"WebSite","@id":"https:\/\/audioson.es\/es\/#website","url":"https:\/\/audioson.es\/es\/","name":"Audioson","description":"Centres auditius","publisher":{"@id":"https:\/\/audioson.es\/es\/#organization"},"potentialAction":[{"@type":"SearchAction","target":{"@type":"EntryPoint","urlTemplate":"https:\/\/audioson.es\/es\/?s={search_term_string}"},"query-input":{"@type":"PropertyValueSpecification","valueRequired":true,"valueName":"search_term_string"}}],"inLanguage":"es"},{"@type":"Organization","@id":"https:\/\/audioson.es\/es\/#organization","name":"Audioson","url":"https:\/\/audioson.es\/es\/","logo":{"@type":"ImageObject","inLanguage":"es","@id":"https:\/\/audioson.es\/es\/#\/schema\/logo\/image\/","url":"https:\/\/audioson.es\/wp-content\/uploads\/2018\/04\/logo_adaptatiu.png","contentUrl":"https:\/\/audioson.es\/wp-content\/uploads\/2018\/04\/logo_adaptatiu.png","width":147,"height":37,"caption":"Audioson"},"image":{"@id":"https:\/\/audioson.es\/es\/#\/schema\/logo\/image\/"}},{"@type":"Person","@id":"https:\/\/audioson.es\/es\/#\/schema\/person\/a4d6e7bd136a988e90a76d7291c3a0bf","name":"Audioson","sameAs":["https:\/\/audioson.es"]}]}},"_links":{"self":[{"href":"https:\/\/audioson.es\/es\/wp-json\/wp\/v2\/posts\/3786","targetHints":{"allow":["GET"]}}],"collection":[{"href":"https:\/\/audioson.es\/es\/wp-json\/wp\/v2\/posts"}],"about":[{"href":"https:\/\/audioson.es\/es\/wp-json\/wp\/v2\/types\/post"}],"author":[{"embeddable":true,"href":"https:\/\/audioson.es\/es\/wp-json\/wp\/v2\/users\/6"}],"replies":[{"embeddable":true,"href":"https:\/\/audioson.es\/es\/wp-json\/wp\/v2\/comments?post=3786"}],"version-history":[{"count":1,"href":"https:\/\/audioson.es\/es\/wp-json\/wp\/v2\/posts\/3786\/revisions"}],"predecessor-version":[{"id":9580,"href":"https:\/\/audioson.es\/es\/wp-json\/wp\/v2\/posts\/3786\/revisions\/9580"}],"wp:featuredmedia":[{"embeddable":true,"href":"https:\/\/audioson.es\/es\/wp-json\/wp\/v2\/media\/121"}],"wp:attachment":[{"href":"https:\/\/audioson.es\/es\/wp-json\/wp\/v2\/media?parent=3786"}],"wp:term":[{"taxonomy":"category","embeddable":true,"href":"https:\/\/audioson.es\/es\/wp-json\/wp\/v2\/categories?post=3786"},{"taxonomy":"post_tag","embeddable":true,"href":"https:\/\/audioson.es\/es\/wp-json\/wp\/v2\/tags?post=3786"}],"curies":[{"name":"wp","href":"https:\/\/api.w.org\/{rel}","templated":true}]}}